{"id":8326,"date":"2021-12-29T10:48:42","date_gmt":"2021-12-29T13:48:42","guid":{"rendered":"https:\/\/www.bienaldelchaco.org\/2024\/?p=8326"},"modified":"2022-01-03T12:33:09","modified_gmt":"2022-01-03T15:33:09","slug":"trabajan-para-que-la-bienal-del-chaco-sea-inclusiva-y-accesible","status":"publish","type":"post","link":"https:\/\/www.bienaldelchaco.org\/2024\/trabajan-para-que-la-bienal-del-chaco-sea-inclusiva-y-accesible\/","title":{"rendered":"Trabajan para que la Bienal del Chaco sea inclusiva y accesible"},"content":{"rendered":"<p class=\"td-post-sub-title\">El comit\u00e9 organizador de la Bienal Internacional de Escultura en conjunto con los integrantes de la Red de Accesibilidad Cultural, recorrieron el predio del MusEUM, con el objetivo de encontrar posibilidades de mejoras en infraestructura y mamposter\u00edas y facilitar el encuentro y participaci\u00f3n de todas las personas en igualdad de oportunidades.<\/p>\n<p><!--more-->[vc_row css_animation=&#8221;&#8221; row_type=&#8221;row&#8221; use_row_as_full_screen_section=&#8221;no&#8221; type=&#8221;full_width&#8221; angled_section=&#8221;no&#8221; text_align=&#8221;left&#8221; background_image_as_pattern=&#8221;without_pattern&#8221;][vc_column][vc_column_text]El presidente de la fundaci\u00f3n Urunday, Jos\u00e9 Eidman, junto al arquitecto Miguel Monfardini, recibieron a los diferentes colectivos de inclusi\u00f3n y diversidad que integran la red de accesibilidad cultural, junto a funcionarios del Instituto de Cultura y la Municipalidad de Resistencia.<\/p>\n<p>La actividad consisti\u00f3 en recorrer el predio describiendo las actividades que se desarrollaran en cada sector, con el objetivo de identificar entre todas las oportunidades de mejoras en infraestructura para garantizar una Bienal los m\u00e1s accesible posible.<\/p>\n<p>Josese Eidman destac\u00f3 que, \u201cqueremos promover una Bienal, inclusiva y accesible, en busca de la accesibilidad universal, la adaptaci\u00f3n, la incorporaci\u00f3n de la interpretaci\u00f3n mediante lengua de se\u00f1as, la remoci\u00f3n de barreras arquitect\u00f3nicas, la audio descripci\u00f3n, las comunicaciones alternativas y aumentativas, itinerarios accesibles y los ajustes razonables del entorno; considerando las recomendaciones de la gu\u00eda practica de accesibilidad cultural, dise\u00f1ada por el Ministerio de Cultura de la Naci\u00f3n, todo esto, con el prop\u00f3sito de que la accesibilidad y la inclusi\u00f3n se hagan efectivas para los asistentes, haciendo del arte un bien de todos\u201d.<\/p>\n<p>Entre las instituciones que conforman el colectivo de inclusi\u00f3n y diversidad se pueden destacar el Cecual, la Asociaci\u00f3n de personas sordas del Chaco, la Fundaci\u00f3n Cabildo Abierto, el Centro de Formaci\u00f3n Laboral, la Fundaci\u00f3n Tifloluz, el Cenovi, el Instituto Sol, el Instituto Girasoles, y el IPRODICH.[\/vc_column_text][vc_empty_space][vc_gallery interval=&#8221;3&#8243; images=&#8221;8329,8328,8327&#8243; img_size=&#8221;full&#8221;][vc_empty_space][vc_column_text]Fuente: \u00a0 <a href=\"https:\/\/libertaddigital.com.ar\/Notas\/Nota\/2064252686-trabajan-para-que-la-bienal-del-chaco-sea-inclusiva-y-accesible#.YcxDnv3GGaU.whatsapp\" target=\"_blank\" rel=\"noopener\">https:\/\/libertaddigital.com.ar\/Notas\/Nota\/2064252686-trabajan-para-que-la-bienal-del-chaco-sea-inclusiva-y-accesible#.YcxDnv3GGaU.whatsapp<\/a><\/p>\n<p><a href=\"https:\/\/agenciafoco.com.ar\/detalle_noticia\/cultura-fundacion-urunday-y-colectivos-de-inclusion-y-diversidad-recorrieron-el-museum\" target=\"_blank\" rel=\"noopener\">https:\/\/agenciafoco.com.ar\/detalle_noticia\/cultura-fundacion-urunday-y-colectivos-de-inclusion-y-diversidad-recorrieron-el-museum<\/a><\/p>\n<p><a href=\"http:\/\/www.noticiasdelparana.com.ar\/NuevaEdicion\/2021\/12\/28\/chaco-cultura-fundacion-urunday-y-colectivos-de-inclusion-y-diversidad-recorrieron-el-museum\/\" target=\"_blank\" rel=\"noopener\">http:\/\/www.noticiasdelparana.com.ar\/NuevaEdicion\/2021\/12\/28\/chaco-cultura-fundacion-urunday-y-colectivos-de-inclusion-y-diversidad-recorrieron-el-museum\/<\/a><\/p>\n<p><a href=\"https:\/\/www.chacodiapordia.com\/2021\/12\/28\/trabajan-para-que-la-bienal-del-chaco-sea-inclusiva-y-accesible\/\" target=\"_blank\" rel=\"noopener\">https:\/\/www.chacodiapordia.com\/2021\/12\/28\/trabajan-para-que-la-bienal-del-chaco-sea-inclusiva-y-accesible\/<\/a><\/p>\n<p><a href=\"https:\/\/www.ellitoral.com.ar\/corrientes\/2021-12-29-1-0-0-promueven-una-bienal-2022-inclusiva-y-accesible\" target=\"_blank\" rel=\"noopener\">https:\/\/www.ellitoral.com.ar\/corrientes\/2021-12-29-1-0-0-promueven-una-bienal-2022-inclusiva-y-accesible<\/a><\/p>\n<p><a href=\"https:\/\/www.diarionorte.com\/213328-bienal-organizadores-trabajan-para-que-la-edicion-2022-sea-inclusiva-y-accesible\" target=\"_blank\" rel=\"noopener\">https:\/\/www.diarionorte.com\/213328-bienal-organizadores-trabajan-para-que-la-edicion-2022-sea-inclusiva-y-accesible<\/a><\/p>\n[\/vc_column_text][vc_empty_space][\/vc_column][\/vc_row]\n","protected":false},"excerpt":{"rendered":"<p>El comit\u00e9 organizador de la Bienal Internacional de Escultura en conjunto con los integrantes de la Red de Accesibilidad Cultural, recorrieron el predio del MusEUM, con el objetivo de encontrar posibilidades de mejoras en infraestructura y mamposter\u00edas y facilitar el encuentro y participaci\u00f3n de todas&#8230;<\/p>\n","protected":false},"author":3,"featured_media":8327,"comment_status":"closed","ping_status":"closed","sticky":false,"template":"","format":"standard","meta":{"footnotes":""},"categories":[6],"tags":[],"class_list":["post-8326","post","type-post","status-publish","format-standard","has-post-thumbnail","hentry","category-novedades"],"_links":{"self":[{"href":"https:\/\/www.bienaldelchaco.org\/2024\/wp-json\/wp\/v2\/posts\/8326","targetHints":{"allow":["GET"]}}],"collection":[{"href":"https:\/\/www.bienaldelchaco.org\/2024\/wp-json\/wp\/v2\/posts"}],"about":[{"href":"https:\/\/www.bienaldelchaco.org\/2024\/wp-json\/wp\/v2\/types\/post"}],"author":[{"embeddable":true,"href":"https:\/\/www.bienaldelchaco.org\/2024\/wp-json\/wp\/v2\/users\/3"}],"replies":[{"embeddable":true,"href":"https:\/\/www.bienaldelchaco.org\/2024\/wp-json\/wp\/v2\/comments?post=8326"}],"version-history":[{"count":3,"href":"https:\/\/www.bienaldelchaco.org\/2024\/wp-json\/wp\/v2\/posts\/8326\/revisions"}],"predecessor-version":[{"id":8332,"href":"https:\/\/www.bienaldelchaco.org\/2024\/wp-json\/wp\/v2\/posts\/8326\/revisions\/8332"}],"wp:featuredmedia":[{"embeddable":true,"href":"https:\/\/www.bienaldelchaco.org\/2024\/wp-json\/wp\/v2\/media\/8327"}],"wp:attachment":[{"href":"https:\/\/www.bienaldelchaco.org\/2024\/wp-json\/wp\/v2\/media?parent=8326"}],"wp:term":[{"taxonomy":"category","embeddable":true,"href":"https:\/\/www.bienaldelchaco.org\/2024\/wp-json\/wp\/v2\/categories?post=8326"},{"taxonomy":"post_tag","embeddable":true,"href":"https:\/\/www.bienaldelchaco.org\/2024\/wp-json\/wp\/v2\/tags?post=8326"}],"curies":[{"name":"wp","href":"https:\/\/api.w.org\/{rel}","templated":true}]}}