{"id":8372,"date":"2022-01-28T08:23:59","date_gmt":"2022-01-28T11:23:59","guid":{"rendered":"https:\/\/www.bienaldelchaco.org\/2024\/?p=8372"},"modified":"2022-01-28T08:25:15","modified_gmt":"2022-01-28T11:25:15","slug":"vuelve-la-bienal","status":"publish","type":"post","link":"https:\/\/www.bienaldelchaco.org\/2024\/vuelve-la-bienal\/","title":{"rendered":"Vuelve la Bienal"},"content":{"rendered":"<p>En el marco de las actividades que se desarrollan del 27 de enero al 6 de febrero, para celebrar los 144 a\u00f1os de Resistencia, el municipio de Resistencia asumi\u00f3 el compromiso p\u00fablico de realizar las obras de infraestructura necesarias para garantizar la accesibilidad cultural en el predio del MusEUM de cara a la a la pr\u00f3xima Bienal de Escultura que se desarrollara del 16 al 23 de julio pr\u00f3ximo.<\/p>\n<p><!--more-->[vc_row css_animation=&#8221;&#8221; row_type=&#8221;row&#8221; use_row_as_full_screen_section=&#8221;no&#8221; type=&#8221;full_width&#8221; angled_section=&#8221;no&#8221; text_align=&#8221;left&#8221; background_image_as_pattern=&#8221;without_pattern&#8221;][vc_column][vc_column_text]Despu\u00e9s de un a\u00f1o en que la Fundaci\u00f3n Urunday y el municipio de Resistencia firmaran un convenio de colaboraci\u00f3n y cooperaci\u00f3n que estableci\u00f3 el Departamento de Conservaci\u00f3n y Restauraci\u00f3n municipal, adem\u00e1s de la incorporaci\u00f3n formal de las esculturas de la ciudad al patrimonio municipal se inform\u00f3 los trabajos realizados en este lapso de tiempo por ese departamento, al mismo tiempo, el municipio comunico oficialmente las obras de infraestructura edilicia que se llevaran adelante para garantizar la accesibilidad cultural de todas las personas en la pr\u00f3xima Bienal Internacional de Escultura.<\/p>\n<p>Por su parte el presidente de la fundaci\u00f3n Urunday, Josese Eidman destaco; \u201cHoy nos convoca la bienal, pero es oportuno recordar que hace exactamente un a\u00f1o, en este mismo lugar, el Municipio y la Fundaci\u00f3n Urunday firmaron un acuerdo de cooperaci\u00f3n que posibilit\u00f3 realizar, en este lapso, valiosas intervenciones de conservaci\u00f3n sobre 150 esculturas de la ciudad.<\/p>\n<p>En aquella oportunidad, Fabriciano inici\u00f3 su discurso diciendo \u201cEste acuerdo y esta noche, son un punto de inflexi\u00f3n\u201d. Y estaba en lo cierto\u2026<\/p>\n<p>Sin el apoyo de la Municipalidad de Resistencia, realizar estas tareas tan importantes para la conservaci\u00f3n de nuestro patrimonio, no hubiese sido posible; y por eso, muchas gracias.<\/p>\n<p>&nbsp;<\/p>\n<p><strong>Vuelve la Bienal\u2026<\/strong><\/p>\n<p>Y una vez m\u00e1s, grandes escultores del mundo en escena y en acci\u00f3n, trabajando a cielo abierto y en p\u00fablico, creando obras de arte que tienen por destino las veredas de Resistencia.<\/p>\n<p>Cinco centenares de artista consagrados han pasado por el chaco y m\u00e1s de 650 esculturas habitan el espacio p\u00fablico de nuestra ciudad\u2026 Un patrimonio escult\u00f3rico \u00fanico que convive en armon\u00eda con la comunidad, todos los d\u00edas&#8230;<\/p>\n<p>Nuestro concurso de escultura es en la actualidad un acontecimiento internacional de reconocimiento pleno en la escena escult\u00f3rica mundial y est\u00e1 catalogado entre los mejores del mundo.<\/p>\n<p>La Bienal del Chaco es escultura, pero tambi\u00e9n es una enorme manifestaci\u00f3n poblada por m\u00faltiples actividades y expresiones plurales del arte y la cultura.<\/p>\n<p>Muy pronto, en marco del Lanzamiento oficial programado para el mes de marzo, daremos a conocer los participantes y el programa de actividades completo de la pr\u00f3xima edici\u00f3n.<\/p>\n<p>Pero queremos adelantarles que la bienal 2022 ser\u00e1 \u201cla mejor de todas\u201d\u2026 Esta era la promesa que el Maestro Fabriciano nos hac\u00eda antes de cada edici\u00f3n (y as\u00ed suced\u00eda, cada nueva bienal superaba la anterior). Hoy, ya si su presencia, estamos trabajando muy duro y todos juntos, para honrar su enorme legado.<\/p>\n<p>En Julio, se realizar\u00e1n los tradicionales cert\u00e1menes de escultura; tambi\u00e9n el encuentro de artistas argentinos y latinoamericanos; congresos y seminarios internacionales; el festival filarm\u00f3nico juvenil y galas esc\u00e9nicas de alt\u00edsimo nivel.<\/p>\n<p>Una semana intensa, de m\u00faltiples actividades totalmente gratuitas; protagonizadas por m\u00e1s de 450 artistas nacionales e internacionales de diferentes disciplinas, 120 maestros artesanos de todo el pa\u00eds y un total de 630 expositores entre emprendedores, empresas e instituciones<\/p>\n<p>Una bienal que atestiguar\u00e1 el pasaje de m\u00e1s de medio mill\u00f3n de visitas en los 9 d\u00edas de julio, durante estas vacaciones de invierno.<\/p>\n<p>Ya se vislumbra en el horizonte la Bienal del Chaco. Una construcci\u00f3n colectiva que convirti\u00f3 a un concurso de escultura en una fiesta del pueblo y en una marca de identidad chaque\u00f1a.<\/p>\n<p>No es una obviedad decir, se\u00f1or intendente, que la bienal se realiza en su casa, la ciudad de Resistencia, y que usted y sus equipos ponen mucho trabajo y val\u00eda para que esta sea una celebraci\u00f3n hospitalaria y digna.\u00a0 Un acontecimiento que nos encontrar\u00e1 unidos y orgullosos como pueblo.<\/p>\n<p>Gracias por el esfuerzo de mejorar y poner en valor el parque 2 de febrero, para dar a la comunidad y a los turistas del pa\u00eds y el mundo, un predio adecuado. Son obras que quedar\u00e1n para la ciudad y para el disfrute de los ciudadanos.<\/p>\n<p>Por eso, en nombre del Comit\u00e9 organizador de la Bienal del Chaco, sinceras, profundas gracias.<\/p>\n<p>Resistencia cumple 144 a\u00f1os. Y esta Bienal Internacional es una fiesta de cumplea\u00f1os que nos merecemos.[\/vc_column_text][vc_empty_space][vc_gallery interval=&#8221;3&#8243; images=&#8221;8376,8377,8378&#8243; img_size=&#8221;full&#8221;][vc_empty_space][vc_empty_space][\/vc_column][\/vc_row]\n","protected":false},"excerpt":{"rendered":"<p>En el marco de las actividades que se desarrollan del 27 de enero al 6 de febrero, para celebrar los 144 a\u00f1os de Resistencia, el municipio de Resistencia asumi\u00f3 el compromiso p\u00fablico de realizar las obras de infraestructura necesarias para garantizar la accesibilidad cultural en&#8230;<\/p>\n","protected":false},"author":3,"featured_media":8378,"comment_status":"closed","ping_status":"closed","sticky":false,"template":"","format":"standard","meta":{"footnotes":""},"categories":[6],"tags":[],"class_list":["post-8372","post","type-post","status-publish","format-standard","has-post-thumbnail","hentry","category-novedades"],"_links":{"self":[{"href":"https:\/\/www.bienaldelchaco.org\/2024\/wp-json\/wp\/v2\/posts\/8372","targetHints":{"allow":["GET"]}}],"collection":[{"href":"https:\/\/www.bienaldelchaco.org\/2024\/wp-json\/wp\/v2\/posts"}],"about":[{"href":"https:\/\/www.bienaldelchaco.org\/2024\/wp-json\/wp\/v2\/types\/post"}],"author":[{"embeddable":true,"href":"https:\/\/www.bienaldelchaco.org\/2024\/wp-json\/wp\/v2\/users\/3"}],"replies":[{"embeddable":true,"href":"https:\/\/www.bienaldelchaco.org\/2024\/wp-json\/wp\/v2\/comments?post=8372"}],"version-history":[{"count":3,"href":"https:\/\/www.bienaldelchaco.org\/2024\/wp-json\/wp\/v2\/posts\/8372\/revisions"}],"predecessor-version":[{"id":8381,"href":"https:\/\/www.bienaldelchaco.org\/2024\/wp-json\/wp\/v2\/posts\/8372\/revisions\/8381"}],"wp:featuredmedia":[{"embeddable":true,"href":"https:\/\/www.bienaldelchaco.org\/2024\/wp-json\/wp\/v2\/media\/8378"}],"wp:attachment":[{"href":"https:\/\/www.bienaldelchaco.org\/2024\/wp-json\/wp\/v2\/media?parent=8372"}],"wp:term":[{"taxonomy":"category","embeddable":true,"href":"https:\/\/www.bienaldelchaco.org\/2024\/wp-json\/wp\/v2\/categories?post=8372"},{"taxonomy":"post_tag","embeddable":true,"href":"https:\/\/www.bienaldelchaco.org\/2024\/wp-json\/wp\/v2\/tags?post=8372"}],"curies":[{"name":"wp","href":"https:\/\/api.w.org\/{rel}","templated":true}]}}