{"id":8561,"date":"2022-02-14T11:03:08","date_gmt":"2022-02-14T14:03:08","guid":{"rendered":"https:\/\/www.bienaldelchaco.org\/2024\/?p=8561"},"modified":"2022-02-14T13:16:27","modified_gmt":"2022-02-14T16:16:27","slug":"se-firmo-un-convenio-de-intercambio-entre-el-municipio-de-colon-y-la-bienal-internacional-de-esculturas-de-chaco","status":"publish","type":"post","link":"https:\/\/www.bienaldelchaco.org\/2024\/se-firmo-un-convenio-de-intercambio-entre-el-municipio-de-colon-y-la-bienal-internacional-de-esculturas-de-chaco\/","title":{"rendered":"Se firm\u00f3 un convenio de intercambio entre el Municipio de Col\u00f3n y la Bienal Internacional de Esculturas de Chaco"},"content":{"rendered":"<div>\n<p>La Fundaci\u00f3n Chaco Cultural y el Municipio de Col\u00f3n firmaron un convenio de intercambio y cooperaci\u00f3n en torno al desarrollo de las diversas expresiones culturales, vinculadas al sector de las artesan\u00edas y el patrimonio cultural.<\/p>\n<\/div>\n<p><!--more-->[vc_row css_animation=&#8221;&#8221; row_type=&#8221;row&#8221; use_row_as_full_screen_section=&#8221;no&#8221; type=&#8221;full_width&#8221; angled_section=&#8221;no&#8221; text_align=&#8221;left&#8221; background_image_as_pattern=&#8221;without_pattern&#8221;][vc_column][vc_column_text]La firma se realiz\u00f3 entre el intendente de Colon, Jos\u00e9 Luis Walser y Gonzalo Su\u00e1rez L\u00f3pez, presidente de la Fundaci\u00f3n Chaco Cultural, organizadora del &#8220;Encuentro de Maestros Artesanos Argentinos&#8221; y el &#8220;Encuentro de Artesanos de Pueblos Originarios&#8221; que se realizan en la Bienal Internacional de Esculturas.<\/p>\n<p>Desde el a\u00f1o 2008 se realiza en la Bienal del Chaco el &#8220;Encuentro de Artesanos de Pueblos Originarios&#8221;, convocando a los mejores exponentes del arte ind\u00edgena,\u00a0 y desde el a\u00f1o 2012 el &#8220;Encuentro de Maestros Artesanos Argentinos&#8221;, que cuenta con la participaci\u00f3n de los artesanos art\u00edfices m\u00e1s reconocidos de nuestro pa\u00eds y de pa\u00edses lim\u00edtrofes. Ambos espacios son organizados por la Fundaci\u00f3n Chaco Cultural en conjunto con el comit\u00e9 organizador de la Bienal del Chaco.<\/p>\n<p>\u201cEn el marco de la colaboraci\u00f3n entre distintas colectividades artesanales, fiestas y lugares como lo venimos realizando, hoy tenemos el gusto de hacerlo con el Encuentro de Artesanos de la Bienal de Chaco\u201d dijo el Intendente de Col\u00f3n Jos\u00e9 Luis Walser y agreg\u00f3&#8230; \u201cEstamos contentos de seguir generando v\u00ednculos y hacer esto que hace la Artesan\u00eda que es hermanar comunidades\u201d se\u00f1al\u00f3 el intendente de la ciudad de Col\u00f3n en donde se realiza la Fiesta Nacional de la Artesan\u00eda.<\/p>\n<p>&#8220;La Fiesta Nacional de la Artesan\u00eda acompa\u00f1\u00f3 y apoy\u00f3 a nuestros encuentros de artesanos en la Bienal desde las primeras ediciones con la presencia del recordado y querido Hugo Da Silva, con qui\u00e9n comenzamos el intercambio cultural tanto t\u00e9cnico como humano entre las dos ferias y que hoy en este acto podemos formalizar a trav\u00e9s de este convenio para seguir potenciando ambos eventos y profundizar en otras actividades culturales y talleres durante el a\u00f1o. Tambi\u00e9n quiero recordar al maestro Fabriciano y agradecer al comit\u00e9 organizador de la Bienal que nos abri\u00f3 las puertas para tener un espacio en este evento cultural extraordinario&#8221; declar\u00f3 Gonzalo Su\u00e1rez L\u00f3pez, presidente de la fundaci\u00f3n Chaco Cultural.<\/p>\n<p>A trav\u00e9s del acuerdo, se promover\u00e1 el desarrollo de las diferentes expresiones culturales principalmente las referidas a las artesan\u00edas, al sector artesanal y sobre todo a las artesanas y artesanos que son patrimonio vivo de nuestra cultura.[\/vc_column_text][vc_empty_space][vc_column_text]Fuente: <a href=\"https:\/\/www.diarionorte.com\/214733-fundacion-chaco-cultural-firmo-un-convenio-de-intercambio-con-el-municipio-de-colon\" target=\"_blank\" rel=\"noopener\">https:\/\/www.diarionorte.com\/214733-fundacion-chaco-cultural-firmo-un-convenio-de-intercambio-con-el-municipio-de-colon<\/a><\/p>\n<p><a href=\"https:\/\/agenciafoco.com.ar\/detalle_noticia\/convenio-de-cooperacion-e-intercambio-entre-la-fundacion-chaco-cultural-y-el-municipio-de-colon\" target=\"_blank\" rel=\"noopener\">https:\/\/agenciafoco.com.ar\/detalle_noticia\/convenio-de-cooperacion-e-intercambio-entre-la-fundacion-chaco-cultural-y-el-municipio-de-colon<\/a><\/p>\n<p><a href=\"https:\/\/colon.gov.ar\/se-firmo-un-convenio-de-intercambio-entre-el-municipio-de-colon-y-la-bienal-internacional-de-esculturas-de-chaco\/\" target=\"_blank\" rel=\"noopener\">https:\/\/colon.gov.ar\/se-firmo-un-convenio-de-intercambio-entre-el-municipio-de-colon-y-la-bienal-internacional-de-esculturas-de-chaco\/<\/a><\/p>\n<p><a href=\"https:\/\/www.elonce.com\/secciones\/espectaculos\/703180-la-lluvia-no-opac-la-fiesta-de-la-artesana-la-beriso-cerr-la-sptima-noche.htm\" target=\"_blank\" rel=\"noopener\">https:\/\/www.elonce.com\/secciones\/espectaculos\/703180-la-lluvia-no-opac-la-fiesta-de-la-artesana-la-beriso-cerr-la-sptima-noche.htm<\/a>[\/vc_column_text][vc_empty_space][\/vc_column][\/vc_row]\n","protected":false},"excerpt":{"rendered":"<p>La Fundaci\u00f3n Chaco Cultural y el Municipio de Col\u00f3n firmaron un convenio de intercambio y cooperaci\u00f3n en torno al desarrollo de las diversas expresiones culturales, vinculadas al sector de las artesan\u00edas y el patrimonio cultural.<\/p>\n","protected":false},"author":3,"featured_media":8562,"comment_status":"closed","ping_status":"closed","sticky":false,"template":"","format":"standard","meta":{"footnotes":""},"categories":[6],"tags":[],"class_list":["post-8561","post","type-post","status-publish","format-standard","has-post-thumbnail","hentry","category-novedades"],"_links":{"self":[{"href":"https:\/\/www.bienaldelchaco.org\/2024\/wp-json\/wp\/v2\/posts\/8561","targetHints":{"allow":["GET"]}}],"collection":[{"href":"https:\/\/www.bienaldelchaco.org\/2024\/wp-json\/wp\/v2\/posts"}],"about":[{"href":"https:\/\/www.bienaldelchaco.org\/2024\/wp-json\/wp\/v2\/types\/post"}],"author":[{"embeddable":true,"href":"https:\/\/www.bienaldelchaco.org\/2024\/wp-json\/wp\/v2\/users\/3"}],"replies":[{"embeddable":true,"href":"https:\/\/www.bienaldelchaco.org\/2024\/wp-json\/wp\/v2\/comments?post=8561"}],"version-history":[{"count":7,"href":"https:\/\/www.bienaldelchaco.org\/2024\/wp-json\/wp\/v2\/posts\/8561\/revisions"}],"predecessor-version":[{"id":8578,"href":"https:\/\/www.bienaldelchaco.org\/2024\/wp-json\/wp\/v2\/posts\/8561\/revisions\/8578"}],"wp:featuredmedia":[{"embeddable":true,"href":"https:\/\/www.bienaldelchaco.org\/2024\/wp-json\/wp\/v2\/media\/8562"}],"wp:attachment":[{"href":"https:\/\/www.bienaldelchaco.org\/2024\/wp-json\/wp\/v2\/media?parent=8561"}],"wp:term":[{"taxonomy":"category","embeddable":true,"href":"https:\/\/www.bienaldelchaco.org\/2024\/wp-json\/wp\/v2\/categories?post=8561"},{"taxonomy":"post_tag","embeddable":true,"href":"https:\/\/www.bienaldelchaco.org\/2024\/wp-json\/wp\/v2\/tags?post=8561"}],"curies":[{"name":"wp","href":"https:\/\/api.w.org\/{rel}","templated":true}]}}