{"id":8687,"date":"2022-03-22T20:30:36","date_gmt":"2022-03-22T23:30:36","guid":{"rendered":"https:\/\/www.bienaldelchaco.org\/2024\/?p=8687"},"modified":"2022-03-22T20:30:56","modified_gmt":"2022-03-22T23:30:56","slug":"se-lanza-este-viernes-la-bienal-internacional-de-escultura","status":"publish","type":"post","link":"https:\/\/www.bienaldelchaco.org\/2024\/se-lanza-este-viernes-la-bienal-internacional-de-escultura\/","title":{"rendered":"Se lanza este viernes la Bienal Internacional de Escultura"},"content":{"rendered":"<p>El comit\u00e9 organizador de la Bienal del Chaco -Gobierno del Chaco y Fundaci\u00f3n Urunday-, con el acompa\u00f1amiento del municipio de Resistencia, invitan a la ciudadan\u00eda a participar del lanzamiento de la Bienal Internacional de Escultura Chaco 2022, el viernes 25 de marzo a las 19.30 en el Museum de Resistencia.<\/p>\n<div><\/div>\n<p><!--more-->[vc_row css_animation=&#8221;&#8221; row_type=&#8221;row&#8221; use_row_as_full_screen_section=&#8221;no&#8221; type=&#8221;full_width&#8221; angled_section=&#8221;no&#8221; text_align=&#8221;left&#8221; background_image_as_pattern=&#8221;without_pattern&#8221;][vc_column][vc_column_text]El lanzamiento de la Bienal de Escultura Chaco se realizar\u00e1 el pr\u00f3ximo viernes 25 a las 19.30 en el predio del Museum \u00a0de avenida de los Inmigrantes 1001.<br \/>\nEl Concurso Internacional de Esculturas, catalogado entre los mejores del mundo, vuelve al ruedo tras su suspensi\u00f3n en el 2020 debido a la pandemia del Covid.<\/p>\n<p>Este viernes, se anunciar\u00e1 el nombre y la nacionalidad de los escultores del mundo que vendr\u00e1n a realizar una escultura a los ojos del p\u00fablico en el lapso de una semana de competencia. Tambi\u00e9n de los muchos escultores y artistas invitados que realizar\u00e1n obras en vivo.<\/p>\n<p>Alrededor de esa actividad central \u2013la competencia- se desarrolla un sinn\u00famero de actividades art\u00edsticas, culturales y recreativas que se difundir\u00e1n en el marco. Sobre ello, tambi\u00e9n se detallar\u00e1.<\/p>\n<p>Esta bienal tiene por aposici\u00f3n, \u201cHomenaje a Fabriciano\u201d, y no requiere mayor explicaci\u00f3n. La partida del consagrado escultor y alma mater de los concursos de escultura del Chaco, Fabriciano G\u00f3mez, convierte a la bienal en un legado. Y esta bienal estar\u00e1 especialmente inspirada y atravesada por su recuerdo.<\/p>\n<p>Por ello, la velada \u201ctendr\u00e1 un momento especial y distinto -seg\u00fan adelantaron desde \u00a0la organizaci\u00f3n-, ratificando la invitaci\u00f3n especial a la comunidad resistenciana, para que sea parte del lanzamiento de la Bienal 2022.[\/vc_column_text][vc_empty_space][vc_column_text]Fuente:\u00a0 <a href=\"https:\/\/www.chacodiapordia.com\/2022\/03\/22\/se-lanza-este-viernes-la-bienal-internacional-de-escultura\/\" target=\"_blank\" rel=\"noopener\">https:\/\/www.chacodiapordia.com\/2022\/03\/22\/se-lanza-este-viernes-la-bienal-internacional-de-escultura\/<\/a>[\/vc_column_text][vc_empty_space][\/vc_column][\/vc_row]\n","protected":false},"excerpt":{"rendered":"<p>El comit\u00e9 organizador de la Bienal del Chaco -Gobierno del Chaco y Fundaci\u00f3n Urunday-, con el acompa\u00f1amiento del municipio de Resistencia, invitan a la ciudadan\u00eda a participar del lanzamiento de la Bienal Internacional de Escultura Chaco 2022, el viernes 25 de marzo a las 19.30&#8230;<\/p>\n","protected":false},"author":3,"featured_media":8688,"comment_status":"closed","ping_status":"closed","sticky":false,"template":"","format":"standard","meta":{"footnotes":""},"categories":[6],"tags":[],"class_list":["post-8687","post","type-post","status-publish","format-standard","has-post-thumbnail","hentry","category-novedades"],"_links":{"self":[{"href":"https:\/\/www.bienaldelchaco.org\/2024\/wp-json\/wp\/v2\/posts\/8687","targetHints":{"allow":["GET"]}}],"collection":[{"href":"https:\/\/www.bienaldelchaco.org\/2024\/wp-json\/wp\/v2\/posts"}],"about":[{"href":"https:\/\/www.bienaldelchaco.org\/2024\/wp-json\/wp\/v2\/types\/post"}],"author":[{"embeddable":true,"href":"https:\/\/www.bienaldelchaco.org\/2024\/wp-json\/wp\/v2\/users\/3"}],"replies":[{"embeddable":true,"href":"https:\/\/www.bienaldelchaco.org\/2024\/wp-json\/wp\/v2\/comments?post=8687"}],"version-history":[{"count":2,"href":"https:\/\/www.bienaldelchaco.org\/2024\/wp-json\/wp\/v2\/posts\/8687\/revisions"}],"predecessor-version":[{"id":8690,"href":"https:\/\/www.bienaldelchaco.org\/2024\/wp-json\/wp\/v2\/posts\/8687\/revisions\/8690"}],"wp:featuredmedia":[{"embeddable":true,"href":"https:\/\/www.bienaldelchaco.org\/2024\/wp-json\/wp\/v2\/media\/8688"}],"wp:attachment":[{"href":"https:\/\/www.bienaldelchaco.org\/2024\/wp-json\/wp\/v2\/media?parent=8687"}],"wp:term":[{"taxonomy":"category","embeddable":true,"href":"https:\/\/www.bienaldelchaco.org\/2024\/wp-json\/wp\/v2\/categories?post=8687"},{"taxonomy":"post_tag","embeddable":true,"href":"https:\/\/www.bienaldelchaco.org\/2024\/wp-json\/wp\/v2\/tags?post=8687"}],"curies":[{"name":"wp","href":"https:\/\/api.w.org\/{rel}","templated":true}]}}