{"id":8891,"date":"2022-04-07T10:19:54","date_gmt":"2022-04-07T13:19:54","guid":{"rendered":"https:\/\/www.bienaldelchaco.org\/2024\/?p=8891"},"modified":"2022-04-08T02:53:28","modified_gmt":"2022-04-08T05:53:28","slug":"instituyen-el-27-de-junio-como-dia-del-escultor-chaqueno-en-memoria-a-fabriciano-gomez","status":"publish","type":"post","link":"https:\/\/www.bienaldelchaco.org\/2024\/instituyen-el-27-de-junio-como-dia-del-escultor-chaqueno-en-memoria-a-fabriciano-gomez\/","title":{"rendered":"Instituyen el 27 de junio como D\u00eda del Escultor Chaque\u00f1o, en memoria a Fabriciano G\u00f3mez"},"content":{"rendered":"<p>A partir de la sanci\u00f3n de la Ley N\u00b0 3563-E por unanimidad, el parlamento estableci\u00f3 el 27 de junio como D\u00eda de la Escultora y el Escultor del Chaco en conmemoraci\u00f3n del natalicio del escultor y referente cultural Fabriciano G\u00f3mez, fallecido en 2021. El objetivo es reconocer y recordar la trayectoria de quien logr\u00f3 insertar a Resistencia en los circuitos internacionales de escultura.<\/p>\n<div><\/div>\n<p><!--more-->[vc_row css_animation=&#8221;&#8221; row_type=&#8221;row&#8221; use_row_as_full_screen_section=&#8221;no&#8221; type=&#8221;full_width&#8221; angled_section=&#8221;no&#8221; text_align=&#8221;left&#8221; background_image_as_pattern=&#8221;without_pattern&#8221;][vc_column][vc_column_text]\n<p>La ley, iniciativa del legislador del Nepar, Juan Jos\u00e9 Bergia, se bas\u00f3 en que Fabriciano G\u00f3mez fue organizador de la Bienal Internacional de Escultura, embelleciendo la ciudad de Resistencia y atrayendo a cientos de turistas nacionales y extranjeros, as\u00ed como artistas internacionales que se acercaron a la capital chaque\u00f1a.<\/p>\n<p>\u201cHablar de Fabriciano en el mundo entero es hablar del Chaco\u201d, subray\u00f3\u00a0 Bergia, quien relat\u00f3 que \u201cnaci\u00f3 el 27 de junio de 1944 en el Chaco y se recibi\u00f3 en 1968 de profesor de Dibujo, Pintura y Escultura en la Academia de Bellas Artes de la provincia, donde luego se desempe\u00f1\u00f3 como profesor de Escultura. Particip\u00f3 en importantes posiciones colectivas e individuales en distintos lugares del pa\u00eds como tambi\u00e9n en el extranjero, en donde fue premiado en Italia en 1986, 1987 y 1992, en Canad\u00e1 1989, Francia en 1992, Jap\u00f3n en 1998, Noruega en 1994, entre una larga lista de reconocimientos\u201d.<\/p>\n<p>\u201dFue una persona con grandes virtudes: creativo, solidario, generoso, trabajador incansable, apasionado y perseverante, quien tuvo objetivos bien claros desde muy joven y con un sentido alerta para detectar las oportunidades que se le presentaban en la vida y no dejarlas pasar, con una impronta pocas veces vista\u201d, agreg\u00f3.<\/p>\n<p>\u201dUn dato de actualidad para demostrar la relevancia que tiene y ha tenido Fabriciano G\u00f3mez, es decirles que la Comisi\u00f3n Nacional de Monumentos declar\u00f3 \u2018Bienes de inter\u00e9s art\u00edstico nacional\u2019 a dos de sus obras: la \u201cInmaculada\u201d y el \u201cSan Fernando\u201d, hechas en m\u00e1rmol y emplazadas en el frente de la Catedral de Resistencia. Ambas esculturas ya hab\u00edan sido reconocidas como Patrimonio Cultural por el municipio local\u201d, subray\u00f3 Juan Jos\u00e9 Bergia.<\/p>\n[\/vc_column_text][vc_empty_space][vc_column_text]Fuente: <a href=\"https:\/\/www.chacodiapordia.com\/2022\/04\/06\/instituyen-el-27-de-junio-como-dia-del-escultor-chaqueno-en-memoria-a-fabriciano-gomez\/\" target=\"_blank\" rel=\"noopener\">https:\/\/www.chacodiapordia.com\/2022\/04\/06\/instituyen-el-27-de-junio-como-dia-del-escultor-chaqueno-en-memoria-a-fabriciano-gomez\/<\/a><\/p>\n<p><a href=\"https:\/\/www.diarionorte.com\/216508-el-27-de-junio-se-conmemorara-el-dia-del-escultor-y-la-escultora-chaquenos\" target=\"_blank\" rel=\"noopener\">https:\/\/www.diarionorte.com\/216508-el-27-de-junio-se-conmemorara-el-dia-del-escultor-y-la-escultora-chaquenos<\/a>[\/vc_column_text][\/vc_column][\/vc_row]\n","protected":false},"excerpt":{"rendered":"<p>A partir de la sanci\u00f3n de la Ley N\u00b0 3563-E por unanimidad, el parlamento estableci\u00f3 el 27 de junio como D\u00eda de la Escultora y el Escultor del Chaco en conmemoraci\u00f3n del natalicio del escultor y referente cultural Fabriciano G\u00f3mez, fallecido en 2021. El objetivo&#8230;<\/p>\n","protected":false},"author":3,"featured_media":8892,"comment_status":"closed","ping_status":"closed","sticky":false,"template":"","format":"standard","meta":{"footnotes":""},"categories":[6],"tags":[],"class_list":["post-8891","post","type-post","status-publish","format-standard","has-post-thumbnail","hentry","category-novedades"],"_links":{"self":[{"href":"https:\/\/www.bienaldelchaco.org\/2024\/wp-json\/wp\/v2\/posts\/8891","targetHints":{"allow":["GET"]}}],"collection":[{"href":"https:\/\/www.bienaldelchaco.org\/2024\/wp-json\/wp\/v2\/posts"}],"about":[{"href":"https:\/\/www.bienaldelchaco.org\/2024\/wp-json\/wp\/v2\/types\/post"}],"author":[{"embeddable":true,"href":"https:\/\/www.bienaldelchaco.org\/2024\/wp-json\/wp\/v2\/users\/3"}],"replies":[{"embeddable":true,"href":"https:\/\/www.bienaldelchaco.org\/2024\/wp-json\/wp\/v2\/comments?post=8891"}],"version-history":[{"count":4,"href":"https:\/\/www.bienaldelchaco.org\/2024\/wp-json\/wp\/v2\/posts\/8891\/revisions"}],"predecessor-version":[{"id":8896,"href":"https:\/\/www.bienaldelchaco.org\/2024\/wp-json\/wp\/v2\/posts\/8891\/revisions\/8896"}],"wp:featuredmedia":[{"embeddable":true,"href":"https:\/\/www.bienaldelchaco.org\/2024\/wp-json\/wp\/v2\/media\/8892"}],"wp:attachment":[{"href":"https:\/\/www.bienaldelchaco.org\/2024\/wp-json\/wp\/v2\/media?parent=8891"}],"wp:term":[{"taxonomy":"category","embeddable":true,"href":"https:\/\/www.bienaldelchaco.org\/2024\/wp-json\/wp\/v2\/categories?post=8891"},{"taxonomy":"post_tag","embeddable":true,"href":"https:\/\/www.bienaldelchaco.org\/2024\/wp-json\/wp\/v2\/tags?post=8891"}],"curies":[{"name":"wp","href":"https:\/\/api.w.org\/{rel}","templated":true}]}}