{"id":8909,"date":"2022-04-26T11:34:50","date_gmt":"2022-04-26T14:34:50","guid":{"rendered":"https:\/\/www.bienaldelchaco.org\/2024\/?p=8909"},"modified":"2022-04-26T11:35:40","modified_gmt":"2022-04-26T14:35:40","slug":"en-un-marco-imponente-se-presenta-la-bienal-del-chaco-a-nivel-nacion-al-en-el-cck","status":"publish","type":"post","link":"https:\/\/www.bienaldelchaco.org\/2024\/en-un-marco-imponente-se-presenta-la-bienal-del-chaco-a-nivel-nacion-al-en-el-cck\/","title":{"rendered":"En un marco imponente se presenta la Bienal del Chaco a nivel naci\u00f3n al en el CCK"},"content":{"rendered":"<p>En el espl\u00e9ndido edificio del Centro Cultural Kirchner, CABA, se lleva adelante el lanzamiento de la Bienal 2022.<\/p>\n<div><\/div>\n<p><!--more-->[vc_row css_animation=&#8221;&#8221; row_type=&#8221;row&#8221; use_row_as_full_screen_section=&#8221;no&#8221; type=&#8221;full_width&#8221; angled_section=&#8221;no&#8221; text_align=&#8221;left&#8221; background_image_as_pattern=&#8221;without_pattern&#8221;][vc_column][vc_column_text]Despu\u00e9s de tres d\u00e9cadas de concursos y bienales, la Bienal llega a la Argentina toda, desde el emblem\u00e1tico centro cultural.<\/p>\n<p>Chapas no le faltan: La Bienal fue distinguida con la licencia Marca Pa\u00eds Argentina. Declarada de inter\u00e9s cultural por la Organizaci\u00f3n de los Estados Americanos, la Secretar\u00eda General de la Presidencia de la Naci\u00f3n, el Ministerio de Cultura, el Senado, el Ministerio de Relaciones Exteriores y Culto, la C\u00e1mara de Diputados de la Naci\u00f3n y por la C\u00e1mara de Diputados de la Provincia del Chaco.<\/p>\n<p>Distinguida por su alto inter\u00e9s art\u00edstico y cultural con el auspicio de La Academia Nacional de Bellas Artes y el Fondo Nacional de las Artes. Reconocida por la Asociaci\u00f3n Argentina de Cr\u00edticos de Arte con el premio Alfredo Roland a la trayectoria cultural y por la Fundaci\u00f3n Konex con el premio Konex a las artes visuales argentinas.\u00a0 Desde el a\u00f1o 1997 cuenta con el auspicio permanente de la UNESCO.<\/p>\n<p>Los Procesos de Organizaci\u00f3n de la Bienal del Chaco est\u00e1n certificados con la Norma internacional de calidad IRAM ISO 9001.<\/p>\n<p>Tras el video de apertura, se continu\u00f3 con la lista de escultores del mundo que participan y toda la rueda de actividades aleatorias culturales, art\u00edsticas y de ocio que ofrecer\u00e1 la Bienal del Chaco.<\/p>\n<p>La edici\u00f3n 2022 de la Bienal Internacional de Escultura recibi\u00f3 124 inscripciones de 70 pa\u00edses. La trayectoria de los artistas y la calidad de los proyectos presentados fueron los criterios utilizados para seleccionar 10 escultores consagrados internacionalmente representando a distintos pa\u00edses del mundo.<\/p>\n<p>&nbsp;<\/p>\n<p><strong>PALABRAS<\/strong><\/p>\n<p>Muy apropiado el inicio de la locuci\u00f3n que marc\u00f3 el inicio del acto, a cargo del presidente de la Fundaci\u00f3n Urunday ante una tribuna diversa que cont\u00f3 con la presencia del ministro de cultura de la naci\u00f3n Trist\u00e1n Bauer junto a una destacada representaci\u00f3n diplom\u00e1tica, de embajadores cuyos ciudadanos artistas, participan en la competencia de esta edici\u00f3n 2022.<\/p>\n<p>Jos\u00e9 Eidman manifest\u00f3: \u201cHacer del arte una experiencia transformadora es el buen puerto al que ha llegado la Bienal del Chaco. A trav\u00e9s de la Bienal, el Comit\u00e9 Organizador y el Pueblo del Chaco ponen en valor superlativo al arte como vivencia est\u00e9tica, social, cultural y educativa\u201d.<\/p>\n<p>&nbsp;<\/p>\n<p>Eidman agradeci\u00f3 primeramente la declaratoria de sus dos emblem\u00e1ticas esculturas de la catedral, recientemente distinguidas por el Ministerio de Cultura con la declaraci\u00f3n de \u201cBienes de Inter\u00e9s Art\u00edstico Nacional\u201d<\/p>\n<p>Seguidamente, expres\u00f3 sobre la idiosincrasia escult\u00f3rica. \u201c\u00bfA qu\u00e9 se debe esa familiaridad, y esa cotidianeidad, y ese respeto por \u201cel arte de Fidias\u201d en una ciudad del subtr\u00f3pico argentino que cumpli\u00f3 recientemente 144 a\u00f1os? \u201c se pregunt\u00f3 Eidman<\/p>\n<p>Tras repasar el derrotero de la hermosa costumbre de plantar esculturas en el espacio p\u00fablico a trav\u00e9s del Fog\u00f3n de los Arrieros, COPROAR y Fundaci\u00f3n Urunday, comprob\u00f3 el virtuosismo de idea y perseverancia de estas instituciones para llegar a las 652 esculturas emplazadas.<\/p>\n<p>\u201cResistencia tiene en este momento, 652 esculturas en sus veredas, parques y bulevares; y porta el t\u00edtulo de Capital Nacional de las esculturas y Capital de las esculturas del MERCOSUR\u201d, dijo.<\/p>\n<p>A continuaci\u00f3n, cont\u00f3 la f\u00f3rmula de la Bienal: \u201cCada dos inviernos llegan al Chaco artistas de diferentes lugares del mundo, que trabajan durante una semana a cielo abierto. Y que las obras que producen tienen por destino el espacio p\u00fablico. Esta es la gran virtud de la Bienal; es que las obras generadas en concurso pasan a formar parte de la cuidad, alimentando el patrimonio de nuestro gran museo al aire libre\u201d.<\/p>\n<p>Sum\u00f3: \u201cEs el resultado del trabajo perseverante y la forja codo a codo con el estado, las instituciones, el empresariado y el ciudadano. Una construcci\u00f3n colectiva y una conquista de la sociedad que convirti\u00f3 un concurso de escultura en una fiesta del pueblo y en una marca de identidad chaque\u00f1a.\u00a0 Con los a\u00f1os, la experiencia y la voluntad de hacer del arte un bien de todos, se ha ensanchado la oferta cultural con otras manifestaciones de alto valor est\u00e9tico y social, que alimentan y jerarquizan la propuesta art\u00edstica y cultural de la Bienal de todos\u201d.<\/p>\n<p>El presidente de la FU dedujo: \u201cLa Bienal del Chaco es un acto de amor al arte, pero es tambi\u00e9n enorme industria cultural y cautivante destino tur\u00edstico, que valida el poder transformador del arte para mejorar la realidad econ\u00f3mica y social\u201d<\/p>\n<p>No se olvid\u00f3 de mencionar sobre la Ley de Mecenazgo: \u201cNuestra ley provincial de Mecenazgo es la herramienta que hace posible la uni\u00f3n de fuerzas p\u00fablicas y privadas para que este enorme acontecimiento sea accesible y gratuito para todas y todos los visitantes\u201d.<\/p>\n<p>As\u00ed como la extensi\u00f3n de la Bienal en El Impenetrable: \u201cAl culminar la Bienal, los escultores parten con destino a Juan Jos\u00e9 Castelli a participar del Encuentro de Escultores de El Impenetrable, en el coraz\u00f3n del Chaco. Un molde de la bienal que, desde hace a\u00f1os, se replica en la plaza de aquella ciudad, promoviendo nuevas conquistas escult\u00f3ricas, nuevos circuitos, nuevas siembras\u201d.<\/p>\n<p>Finalmente invit\u00f3 a los presentes a viajar a Resistencia en el invierno: \u201cEste invierno, los invitamos a ser parte de una experiencia transformadora: Una manifestaci\u00f3n internacional de arte contempor\u00e1neo que re\u00fane artistas y pueblo en un mismo espacio, conectando de manera potente a la gente con el arte y la naturaleza\u201d.[\/vc_column_text][vc_empty_space height=&#8221;60px&#8221;][vc_gallery interval=&#8221;3&#8243; images=&#8221;8916,8915,8914,8913,8912,8911,8910&#8243; img_size=&#8221;full&#8221;][vc_empty_space][\/vc_column][\/vc_row]\n","protected":false},"excerpt":{"rendered":"<p>En el espl\u00e9ndido edificio del Centro Cultural Kirchner, CABA, se lleva adelante el lanzamiento de la Bienal 2022.<\/p>\n","protected":false},"author":3,"featured_media":8910,"comment_status":"closed","ping_status":"closed","sticky":false,"template":"","format":"standard","meta":{"footnotes":""},"categories":[6],"tags":[],"class_list":["post-8909","post","type-post","status-publish","format-standard","has-post-thumbnail","hentry","category-novedades"],"_links":{"self":[{"href":"https:\/\/www.bienaldelchaco.org\/2024\/wp-json\/wp\/v2\/posts\/8909","targetHints":{"allow":["GET"]}}],"collection":[{"href":"https:\/\/www.bienaldelchaco.org\/2024\/wp-json\/wp\/v2\/posts"}],"about":[{"href":"https:\/\/www.bienaldelchaco.org\/2024\/wp-json\/wp\/v2\/types\/post"}],"author":[{"embeddable":true,"href":"https:\/\/www.bienaldelchaco.org\/2024\/wp-json\/wp\/v2\/users\/3"}],"replies":[{"embeddable":true,"href":"https:\/\/www.bienaldelchaco.org\/2024\/wp-json\/wp\/v2\/comments?post=8909"}],"version-history":[{"count":3,"href":"https:\/\/www.bienaldelchaco.org\/2024\/wp-json\/wp\/v2\/posts\/8909\/revisions"}],"predecessor-version":[{"id":8919,"href":"https:\/\/www.bienaldelchaco.org\/2024\/wp-json\/wp\/v2\/posts\/8909\/revisions\/8919"}],"wp:featuredmedia":[{"embeddable":true,"href":"https:\/\/www.bienaldelchaco.org\/2024\/wp-json\/wp\/v2\/media\/8910"}],"wp:attachment":[{"href":"https:\/\/www.bienaldelchaco.org\/2024\/wp-json\/wp\/v2\/media?parent=8909"}],"wp:term":[{"taxonomy":"category","embeddable":true,"href":"https:\/\/www.bienaldelchaco.org\/2024\/wp-json\/wp\/v2\/categories?post=8909"},{"taxonomy":"post_tag","embeddable":true,"href":"https:\/\/www.bienaldelchaco.org\/2024\/wp-json\/wp\/v2\/tags?post=8909"}],"curies":[{"name":"wp","href":"https:\/\/api.w.org\/{rel}","templated":true}]}}