{"id":8920,"date":"2022-04-23T13:12:02","date_gmt":"2022-04-23T16:12:02","guid":{"rendered":"https:\/\/www.bienaldelchaco.org\/2024\/?p=8920"},"modified":"2022-04-27T13:14:42","modified_gmt":"2022-04-27T16:14:42","slug":"presentan-en-el-cck-la-xii-bienal-internacional-de-escultura-2022","status":"publish","type":"post","link":"https:\/\/www.bienaldelchaco.org\/2024\/presentan-en-el-cck-la-xii-bienal-internacional-de-escultura-2022\/","title":{"rendered":"Presentan en el CCK la XII Bienal Internacional de Escultura 2022"},"content":{"rendered":"<p>Este lunes a las 11.30 en el <b>Centro Cultural Kirchner\u00a0<\/b>ser\u00e1 la presentaci\u00f3n oficial de la\u00a0La\u00a0<b>XII Bienal Internacional de Escultura 2022<\/b>, que se realizar\u00e1 del s\u00e1bado 16 de julio al s\u00e1bado 23 de julio en el predio de 14 hect\u00e1reas del parque 2 de Febrero de\u00a0<b>Resistencia, Chaco<\/b>.<\/p>\n<p><!--more-->[vc_row css_animation=&#8221;&#8221; row_type=&#8221;row&#8221; use_row_as_full_screen_section=&#8221;no&#8221; type=&#8221;full_width&#8221; angled_section=&#8221;no&#8221; text_align=&#8221;left&#8221; background_image_as_pattern=&#8221;without_pattern&#8221;][vc_column][vc_column_text]Se trata de una manifestaci\u00f3n internacional de arte contempor\u00e1neo que re\u00fane artistas y pueblo en un mismo espacio, conectando de manera potente a la gente con el arte y la naturaleza.<\/p>\n<p>De la edici\u00f3n 2022, participar\u00e1n: de Albania, Genti Tavanxhiu; de Alemania, Verena Mayer-Tasch, de Argentina: Juan Pablo Marturano, de M\u00e9xico: David Bucio, de Corea del Sur, Sodong Choe; de Eslovenia, Arijel Strukelj ; de Georgia, Jhon Gogaberishvili; de Ruman\u00eda, Petre Virgiliu Mogosanu; de Turqu\u00eda, Ebru Akinci y de Ucrania, Ihor Tkachivskyi.<\/p>\n<p>Durante una semana intensa estos invitados de lujo trabajar\u00e1n a cielo abierto y a ojos del p\u00fablico. El material de la faena es el m\u00e1rmol travertino extra\u00eddo de las canteras de San Juan, de un importante tama\u00f1o: 1,50 x0,60 x 0,60.<\/p>\n<p>El jurado est\u00e1 integrado por:<b>\u00a0Le\u00f3n Saavedra Geuer de Bolivia, Francisco Gazitua de Chile y Todor Todorov de Bulgaria.<\/b><\/p>\n<p>Alrededor de la competencia internacional se ha ensanchado la oferta cultural en otras manifestaciones escult\u00f3ricas, pero tambi\u00e9n acad\u00e9micas, de artes esc\u00e9nicas, de econom\u00eda cultural, de ocio y esparcimiento.<\/p>\n<p>En esta edici\u00f3n se suman: el VIII Encuentro de Escultores Invitados, el VIII Concurso de Escultura para Estudiantes de Artes, el III Congreso Internacional de Artes, el II Seminario de Arte, Derecho, Patrimonio y Urbanismo, el I Congreso Internacional de Derecho del Arte, el IV Festival Filarm\u00f3nico Juvenil, el V Encuentro de Maestros Artesanos Argentinos, el VII Encuentro de Artesanos de Pueblos Originarios.<\/p>\n<p>La Bienal 2022 se complementa con otras actividades y expresiones: Artes Esc\u00e9nicas, Artes Combinadas, Cursos, Talleres y Conferencias Magistrales, Muestras Individuales y Colectivas, Feria de Artesan\u00eda y Dise\u00f1o, Gastronom\u00eda Regional<\/p>\n<p>Todas las actividades y propuestas ser\u00e1n de acceso libre y gratuito.<\/p>\n[\/vc_column_text][vc_empty_space height=&#8221;60px&#8221;][vc_column_text]Fuente: <a href=\"https:\/\/www.pagina12.com.ar\/417383-presentan-en-el-cck-la-xii-bienal-internacional-de-escultura\" target=\"_blank\" rel=\"noopener\">https:\/\/www.pagina12.com.ar\/417383-presentan-en-el-cck-la-xii-bienal-internacional-de-escultura<\/a><\/p>\n[\/vc_column_text][vc_empty_space][\/vc_column][\/vc_row]\n","protected":false},"excerpt":{"rendered":"<p>Este lunes a las 11.30 en el Centro Cultural Kirchner\u00a0ser\u00e1 la presentaci\u00f3n oficial de la\u00a0La\u00a0XII Bienal Internacional de Escultura 2022, que se realizar\u00e1 del s\u00e1bado 16 de julio al s\u00e1bado 23 de julio en el predio de 14 hect\u00e1reas del parque 2 de Febrero de\u00a0Resistencia,&#8230;<\/p>\n","protected":false},"author":3,"featured_media":8921,"comment_status":"closed","ping_status":"closed","sticky":false,"template":"","format":"standard","meta":{"footnotes":""},"categories":[6],"tags":[],"class_list":["post-8920","post","type-post","status-publish","format-standard","has-post-thumbnail","hentry","category-novedades"],"_links":{"self":[{"href":"https:\/\/www.bienaldelchaco.org\/2024\/wp-json\/wp\/v2\/posts\/8920","targetHints":{"allow":["GET"]}}],"collection":[{"href":"https:\/\/www.bienaldelchaco.org\/2024\/wp-json\/wp\/v2\/posts"}],"about":[{"href":"https:\/\/www.bienaldelchaco.org\/2024\/wp-json\/wp\/v2\/types\/post"}],"author":[{"embeddable":true,"href":"https:\/\/www.bienaldelchaco.org\/2024\/wp-json\/wp\/v2\/users\/3"}],"replies":[{"embeddable":true,"href":"https:\/\/www.bienaldelchaco.org\/2024\/wp-json\/wp\/v2\/comments?post=8920"}],"version-history":[{"count":3,"href":"https:\/\/www.bienaldelchaco.org\/2024\/wp-json\/wp\/v2\/posts\/8920\/revisions"}],"predecessor-version":[{"id":8924,"href":"https:\/\/www.bienaldelchaco.org\/2024\/wp-json\/wp\/v2\/posts\/8920\/revisions\/8924"}],"wp:featuredmedia":[{"embeddable":true,"href":"https:\/\/www.bienaldelchaco.org\/2024\/wp-json\/wp\/v2\/media\/8921"}],"wp:attachment":[{"href":"https:\/\/www.bienaldelchaco.org\/2024\/wp-json\/wp\/v2\/media?parent=8920"}],"wp:term":[{"taxonomy":"category","embeddable":true,"href":"https:\/\/www.bienaldelchaco.org\/2024\/wp-json\/wp\/v2\/categories?post=8920"},{"taxonomy":"post_tag","embeddable":true,"href":"https:\/\/www.bienaldelchaco.org\/2024\/wp-json\/wp\/v2\/tags?post=8920"}],"curies":[{"name":"wp","href":"https:\/\/api.w.org\/{rel}","templated":true}]}}