{"id":8941,"date":"2022-04-27T13:39:11","date_gmt":"2022-04-27T16:39:11","guid":{"rendered":"https:\/\/www.bienaldelchaco.org\/2024\/?p=8941"},"modified":"2022-04-27T13:39:11","modified_gmt":"2022-04-27T16:39:11","slug":"con-un-homenaje-a-su-creador-fabriciano-gomez-vuelve-la-bienal-de-escultura-del-chaco","status":"publish","type":"post","link":"https:\/\/www.bienaldelchaco.org\/2024\/con-un-homenaje-a-su-creador-fabriciano-gomez-vuelve-la-bienal-de-escultura-del-chaco\/","title":{"rendered":"Con un homenaje a su creador, Fabriciano G\u00f3mez, vuelve la Bienal de Escultura del Chaco"},"content":{"rendered":"<div class=\"wrapper-header\">\n<div class=\"container-xl\">\n<div class=\"row\">\n<div class=\"col-12\">\n<div class=\"head-content mb-4\">\n<p class=\" speak\">La edici\u00f3n de este a\u00f1o del evento internacional fue presentada este lunes en el Centro Cultural Kirchner con la presencia de del ministro de Cultura, Trist\u00e1n Bauer.<\/p>\n<\/div>\n<\/div>\n<\/div>\n<\/div>\n<\/div>\n<p><!--more-->[vc_row css_animation=&#8221;&#8221; row_type=&#8221;row&#8221; use_row_as_full_screen_section=&#8221;no&#8221; type=&#8221;full_width&#8221; angled_section=&#8221;no&#8221; text_align=&#8221;left&#8221; background_image_as_pattern=&#8221;without_pattern&#8221;][vc_column][vc_column_text]La <strong>Bienal de Escultura del Chaco<\/strong>, el evento internacional impulsado por Fabriciano G\u00f3mez que sit\u00faa a Resistencia como centro art\u00edstico en el mundo, tendr\u00e1\u00a0<strong>una nueva edici\u00f3n del 16 al 23 de julio en la capital chaque\u00f1a<\/strong>, donde adem\u00e1s de rendir homenaje al legado de su creador, fallecido en septiembre, presentar\u00e1 un concurso donde participar\u00e1n 10 prestigiosos escultores de distintos pa\u00edses entre los que est\u00e1n el argentino Juan Pablo Marturano y el mexicano David Bucio.<\/p>\n<p>Suspendida como muchos eventos art\u00edsticos por la pandemia en 2020, pero por primera vez en su historia -desde el Primer Concurso de Escultura en Madera realizado en la Plaza Central en 1988 y diez a\u00f1os despu\u00e9s la primera bienal internacional de escultura-, con el fallecimiento de G\u00f3mez (1944-2021) al a\u00f1o siguiente, esta edici\u00f3n es considerada como &#8220;la bienal de Fabriciano sin Fabriciano&#8221; y &#8220;su legado&#8221;.<\/p>\n<p>Organizada por la Fundaci\u00f3n Urunday (1989) y el Gobierno de la provincia del Chaco, la XII Bienal Internacional de Escultura 2022 fue presentada este lunes en el Centro Cultural Kirchner con la presencia de del ministro de Cultura, Trist\u00e1n Bauer; el presidente del Instituto de Cultura del Chaco, Francisco Romero; el presidente de la Fundaci\u00f3n Urunday, Jos\u00e9 Sebasi\u00e1n Eidman; y el intendente de Resistencia Gustavo Mart\u00ednez, otras autoridades e invitados.<\/p>\n<p><strong>\u00bfQu\u00e9 significa este regreso?<\/strong>\u00a0&#8220;Por un lado esta Bienal recupera el tiempo perdido -en el 2020 no se pudo hacer- y por otro lado, es la oportunidad de honrar el legado de Fabriciano. Nos moviliza no s\u00f3lo el prop\u00f3sito de este proyecto, sino en este caso en particular el deseo y la necesidad de poder llevar adelante este proyecto que en el inicio parec\u00eda una utop\u00eda y finalmente se ha transformado en el certamen escult\u00f3rico a cielo abierto m\u00e1s importante del mundo en su modalidad. Tiene una carga emocional alt\u00edsima&#8221;, expres\u00f3 a T\u00e9lam, Eidman, el nuevo presidente de la Fundaci\u00f3n Urunday tras la muerte de Fabriciano, el artista y gestor cultural que fue muy recordado durante la presentaci\u00f3n.<\/p>\n<p><strong>La Bienal, a la que defini\u00f3 como &#8220;un acto de amor al arte&#8221; y una &#8220;experiencia transformadora&#8221;<\/strong>, tiene para el presidente de la Fundaci\u00f3n Urunday como gran virtud, el hecho de que las &#8220;obras generadas en el concurso pasan a ser parte de la ciudad alimentando el patrimonio de nuestro gran museo al aire libre&#8221;.<\/p>\n<p>&#8220;Puertas afuera es uno de los acontecimientos m\u00e1s importantes de la escena escult\u00f3rica mundial, y puertas adentro es el resultado del trabajo perseverante&#8221; con el Estado, instituciones, empresariado y los ciudadanos, &#8220;una construcci\u00f3n colectiva y de conquista de la sociedad que convirti\u00f3 un concurso de escultura en una fiesta del pueblo (desde 1988) y en una marca de identidad chaque\u00f1a&#8221;, manifest\u00f3 Eidman.<\/p>\n<p>Si bien el legado es uno de los componentes indispensables de este a\u00f1o, no hay un lema que ordene, como en ediciones anteriores, las obras en la competencia, una decisi\u00f3n que ya hab\u00eda sido tomada en 2020 en sinton\u00eda con esta transici\u00f3n de convertirse en la Bienal de Escultura del Chaco -dejando de ser la Bienal Internacional de Escultura-, y m\u00e1s cercana a los conceptos de otras bienales como la de Venecia y San Pablo.<\/p>\n<p><strong>La competencia art\u00edstica que es tambi\u00e9n reflejo de &#8220;fiesta popular&#8221;<\/strong>, seg\u00fan los organizadores, tendr\u00e1 10 escultores seleccionados de entre 240 de 70 pa\u00edses que presentaron sus proyectos. Entre ellos participan Genti Tavanxhiu (Albania), Verena Mayer-Tasch (Alemania), Juan Pablo Marturano (Argentina), David Bucio (M\u00e9xico), Sodong Choe (Corea del Sur) que confirm\u00f3 su presencia, Arijel Strukelj (Eslovenia), Jhon Gogaberishvili (Georgia), Petre Virgiliu Mogosanu (Rumania), Ebru Akinci (Turqu\u00eda) y el ucraniano Ihor Tkachivskyi, que se encuentra &#8220;en Ucrania, en una de las ciudades que est\u00e1 parcialmente afectada&#8221;, se\u00f1al\u00f3 Eidman.<\/p>\n<p><strong>El jurado est\u00e1 integrado por grandes exponentes de esta disciplina art\u00edstica como Le\u00f3n Saavedra Geuer (Bolivia), Francisco Gazitua (Chile) y Todor Todorov (Bulgaria), de nacionalidades distintas a los concursantes<\/strong>. Ser\u00e1n los encargados de seleccionar la obra ganadora, y tal vez vuelva a producirse como en las \u00faltimas ediciones una coincidencia con el otro premio, el que otorga el p\u00fablico.<\/p>\n<p>Ya seleccionados los artistas a fines de 2019 por miembros de la comisi\u00f3n directiva, entre los que estaba G\u00f3mez y Mimo Eidman, &#8220;dos artistas pl\u00e1sticos consagrados con reconocimientos internacionales, sobre todo Fabriciano, que represent\u00f3 a Argentina en la Bienal de Venecia en 1980, y luego volvi\u00f3 a Resistencia con la idea de hacer un concurso de escultura a cielo abierto. &#8220;De este primer filtro de postulaciones, la selecci\u00f3n se hace por tres criterios: el art\u00edstico en base al proyecto, la trayectoria internacional acreditable y que un artista por pa\u00eds&#8221;, explic\u00f3 el presidente de la Fundaci\u00f3n Urunday. Tambi\u00e9n un comit\u00e9 de asesores integrado por instituciones a nivel nacional velan por el valor art\u00edstico de la obra y que &#8220;sea apta desde el punto de vista urban\u00edstico, de material no perecedero, porque el destino final es el espacio p\u00fablico de la ciudad&#8221;.<\/p>\n<p>Durante una semana intensa,\u00a0<strong>los artistas convocados trabajar\u00e1n a cielo abierto y frente a los ojos del p\u00fablico con m\u00e1rmol travertino con dimensiones de 1,50 x 0,60 x 0,60 como material principal, extra\u00eddo de las canteras de San Juan.<\/strong><\/p>\n<p>Con actividades de acceso libre y gratuitas, la Bienal ampl\u00eda su propuesta con oferta de artes esc\u00e9nicas, cursos, talleres y conferencias magistrales, muestras, feria de artesan\u00eda y dise\u00f1o y la infaltable gastronom\u00eda regional.<\/p>\n<p>Tambi\u00e9n estar\u00e1n los siete escultores invitados por los organizadores, que tienen libertad de elecci\u00f3n en t\u00e9cnicas y materiales, entre los que est\u00e1n Norma Siguelboim, Juan Sorrentino, Fabiana Larrea, Alejandro Arce, Monica Souza, Gerardo Suter, M\u00e1ximo Vargas G\u00f3mez y Angelina Car\u00edssimo.<\/p>\n<p>Y paralelamente tendr\u00e1 lugar<strong>\u00a0la octava edici\u00f3n del Premio Desaf\u00edo &#8220;Hierros L\u00edder&#8221;<\/strong>, que convoca a equipos de estudiantes avanzados de carreras de arte de todo el pa\u00eds -cierra el 30 de mayo-, con la consigna de realizar una escultura en madera en el transcurso de 48 horas continuadas y que otorga un primer premio adquisici\u00f3n de cuarenta mil pesos y un Premio Trofeo; as\u00ed como congresos acad\u00e9micos, entre otras propuestas, que se aglutinan en la semana coincidente con el receso invernal.<\/p>\n<p>Como una de las tres mejores bienales del mundo en su caracter\u00edstica de competencia a cielo abierto, la de Chaco es \u00fanica ya que las esculturas realizadas tienen por destino el espacio p\u00fablico de la ciudad, que ya supera las 650 piezas -de las cuales por lo menos 500 son producto de las bienales y concursos- emplazadas a lo largo de 34 a\u00f1os en sus veredas, bulevares y parques.<\/p>\n<p><strong>&#8220;No se puede soslayar que la muerte del alma mater de este concurso, Fabriciano, el de brillante genio, caus\u00f3 un temblor de angustias, el 8 de septiembre de 2021<\/strong>. \u00c9l trajo la ocurrencia de replicar lo que ve\u00eda por el mundo cuando iba a competir a los concursos internacionales&#8221;, indican los organizadores.<\/p>\n<p>Durante la presentaci\u00f3n, el ministro Bauer, destac\u00f3 la realizaci\u00f3n de la iniciativa destac\u00e1ndola como parte de &#8220;acontecimientos que surgen en nuestras provincias y que se transforman en verdaderos ejemplos de la cultura nacional&#8221;, y como &#8220;un ejemplo de articulaci\u00f3n entre lo p\u00fablico y lo privado, tan importante en los tiempos que estamos viviendo&#8221;.<\/p>\n<p>Con el prop\u00f3sito central por parte de la Fundaci\u00f3n de &#8220;hacer del arte un bien de todos&#8221;, esta &#8220;experiencia&#8221; como la defini\u00f3 Romero, se inscribe en la propia historia cultural provincial. Toma &#8220;el legado de Fabriciano&#8221; y lo contin\u00faa, dice el presidente del Instituto de Cultura del Chaco, y advierte que &#8220;ese legado es la transformaci\u00f3n social cultural de una provincia&#8221;.<\/p>\n<p>La Bienal llevan a la asociaci\u00f3n p\u00fablico-privada y trazan una &#8220;metamorfosis&#8221;, cuyos engranajes son observables para Romero desde el m\u00e1rmol a la obra, transformando el arte en &#8220;un vector de transformaci\u00f3n social y econ\u00f3mica&#8221;, como lo subraya por su parte Gaspar Gracia Daponte, tambi\u00e9n integrante de la Fundaci\u00f3n.<\/p>\n<p>Adem\u00e1s del reconocimiento internacional por instituciones y escultores, la Bienal se destaca como parte de la industria cultural, habiendo recibido en su \u00faltima edici\u00f3n -realizada en 2018-unas 600 mil visitas en el predio de m\u00e1s de 10 hect\u00e1reas en que se desarrolla.[\/vc_column_text][vc_empty_space height=&#8221;60px&#8221;][vc_gallery interval=&#8221;3&#8243; images=&#8221;8942,8943,8944&#8243; img_size=&#8221;full&#8221;][vc_empty_space][vc_empty_space][vc_column_text]Fuente: <a href=\"https:\/\/www.telam.com.ar\/notas\/202204\/590576-bienal-escultura-chaco.html\" target=\"_blank\" rel=\"noopener\">https:\/\/www.telam.com.ar\/notas\/202204\/590576-bienal-escultura-chaco.html<\/a>[\/vc_column_text][\/vc_column][\/vc_row]\n","protected":false},"excerpt":{"rendered":"<p>La edici\u00f3n de este a\u00f1o del evento internacional fue presentada este lunes en el Centro Cultural Kirchner con la presencia de del ministro de Cultura, Trist\u00e1n Bauer.<\/p>\n","protected":false},"author":3,"featured_media":8942,"comment_status":"closed","ping_status":"closed","sticky":false,"template":"","format":"standard","meta":{"footnotes":""},"categories":[6],"tags":[],"class_list":["post-8941","post","type-post","status-publish","format-standard","has-post-thumbnail","hentry","category-novedades"],"_links":{"self":[{"href":"https:\/\/www.bienaldelchaco.org\/2024\/wp-json\/wp\/v2\/posts\/8941","targetHints":{"allow":["GET"]}}],"collection":[{"href":"https:\/\/www.bienaldelchaco.org\/2024\/wp-json\/wp\/v2\/posts"}],"about":[{"href":"https:\/\/www.bienaldelchaco.org\/2024\/wp-json\/wp\/v2\/types\/post"}],"author":[{"embeddable":true,"href":"https:\/\/www.bienaldelchaco.org\/2024\/wp-json\/wp\/v2\/users\/3"}],"replies":[{"embeddable":true,"href":"https:\/\/www.bienaldelchaco.org\/2024\/wp-json\/wp\/v2\/comments?post=8941"}],"version-history":[{"count":1,"href":"https:\/\/www.bienaldelchaco.org\/2024\/wp-json\/wp\/v2\/posts\/8941\/revisions"}],"predecessor-version":[{"id":8945,"href":"https:\/\/www.bienaldelchaco.org\/2024\/wp-json\/wp\/v2\/posts\/8941\/revisions\/8945"}],"wp:featuredmedia":[{"embeddable":true,"href":"https:\/\/www.bienaldelchaco.org\/2024\/wp-json\/wp\/v2\/media\/8942"}],"wp:attachment":[{"href":"https:\/\/www.bienaldelchaco.org\/2024\/wp-json\/wp\/v2\/media?parent=8941"}],"wp:term":[{"taxonomy":"category","embeddable":true,"href":"https:\/\/www.bienaldelchaco.org\/2024\/wp-json\/wp\/v2\/categories?post=8941"},{"taxonomy":"post_tag","embeddable":true,"href":"https:\/\/www.bienaldelchaco.org\/2024\/wp-json\/wp\/v2\/tags?post=8941"}],"curies":[{"name":"wp","href":"https:\/\/api.w.org\/{rel}","templated":true}]}}