{"id":8946,"date":"2022-04-27T13:44:03","date_gmt":"2022-04-27T16:44:03","guid":{"rendered":"https:\/\/www.bienaldelchaco.org\/2024\/?p=8946"},"modified":"2022-04-27T13:44:03","modified_gmt":"2022-04-27T16:44:03","slug":"en-el-centro-cultural-kirchner-se-presento-la-xii-bienal-de-chaco-que-se-desarrollara-en-el-mes-de-julio-en-la-capital-de-esa-provincia-del-nea","status":"publish","type":"post","link":"https:\/\/www.bienaldelchaco.org\/2024\/en-el-centro-cultural-kirchner-se-presento-la-xii-bienal-de-chaco-que-se-desarrollara-en-el-mes-de-julio-en-la-capital-de-esa-provincia-del-nea\/","title":{"rendered":"En el Centro Cultural Kirchner, se present\u00f3 la XII Bienal de Chaco, que se desarrollar\u00e1 en el mes de julio en la capital de esa provincia del NEA"},"content":{"rendered":"<div class=\"wrapper-header\">\n<div class=\"container-xl\">\n<div class=\"row\">\n<div class=\"col-12\">\n<div class=\"head-content mb-4\">\n<p>Esta ma\u00f1ana, en el\u00a0Centro Cultural Kirchner, se present\u00f3 la\u00a0XII Bienal Internacional de Escultura 2022, a realizarse del\u00a016 al 23 de julio\u00a0en la ciudad de\u00a0Resistencia, provincia del Chaco. Participaron del acto de lanzamiento, el ministro de Cultura,\u00a0Trist\u00e1n Bauer; la secretaria de Desarrollo Cultural,\u00a0Lucrecia Cardoso; el presidente de Cultura de Chaco,\u00a0Francisco Tete Romero; el presidente de la Fundaci\u00f3n Urunday,\u00a0Joses\u00e9 Eidman; el intendente de la ciudad de Resistencia,\u00a0Gustavo Mart\u00ednez, entre otras autoridades, invitados y p\u00fablico en general.<\/p>\n<\/div>\n<\/div>\n<\/div>\n<\/div>\n<\/div>\n<p><!--more-->[vc_row css_animation=&#8221;&#8221; row_type=&#8221;row&#8221; use_row_as_full_screen_section=&#8221;no&#8221; type=&#8221;full_width&#8221; angled_section=&#8221;no&#8221; text_align=&#8221;left&#8221; background_image_as_pattern=&#8221;without_pattern&#8221;][vc_column][vc_column_text]Durante el acto, se record\u00f3 al escultor y fundador de la Bienal de Chaco, Fabriciano G\u00f3mez, recientemente fallecido. Tambi\u00e9n, se presentaron las y los escultores que participar\u00e1n en esta edici\u00f3n 2022, y las diversas propuestas culturales y art\u00edsticas que ser\u00e1n parte de la exposici\u00f3n escult\u00f3rica m\u00e1s importante del pa\u00eds.<\/p>\n<p>El ministro\u00a0Bauer, destac\u00f3:\u00a0<em><strong>\u201cDesde el Ministerio de Cultura de la Naci\u00f3n felicitamos a los chaque\u00f1os y chaque\u00f1os, a Chaco y a Resistencia por esta enorme labor que est\u00e1n desarrollando con la Bienal\u201d.\u00a0\u201cTreinta y cuatro a\u00f1os han pasado de estos concursos de esculturas; cuando esas ideas nacen bien se van profundizando, y eso es lo que ocurri\u00f3 con esta Bienal\u201d. Bauer tambi\u00e9n tuvo palabras para Fabriciano G\u00f3mez, mentor de la Bienal de Chaco, a quien agradeci\u00f3 \u201cpor su trabajo, su fuerte compromiso y por darle continuidad\u201d.<\/strong><\/em><\/p>\n<p>Asimismo, se dirigi\u00f3 a los chaque\u00f1os y chaque\u00f1as presentes en el acto:\u00a0<em><strong>\u201ctrabajemos unidos en esta etapa que es muy importante; en 2017 se sancion\u00f3 una ley que da caducidad a fondos destinados a institutos y bibliotecas p\u00fablicas; por eso desde el Ministerio de Cultura estamos trabajando para que se sancione la ley y tengamos la vigencia de esos fondos, les pido que nos acompa\u00f1en\u201d.<\/strong><\/em><\/p>\n<p>La secretaria de Desarrollo Cultural,\u00a0Lucrecia Cardoso, expres\u00f3:\u00a0<em><strong>\u201ces un evento que\u00a0nos llena de orgullo, un fen\u00f3meno \u00fanico por lo que sucede y lo que viene sucediendo, por su trayectoria\u201d. \u201cLa visit\u00e9 en 2016 y vi esa gran articulaci\u00f3n entre lo p\u00fablico y privado para que la Bienal sea posible\u201d.<\/strong><\/em><\/p>\n<p>Por su parte, el presidente del Instituto de Cultura de Chaco,\u00a0Francisco Tete Romero, dijo:\u00a0<em><strong>\u201cLa felicidad de la vuelta de la Bienal 2022.\u00a0Gracias Joses\u00e9, Mimo y a todos integrantes de la Bienal por tomar el legado de Fabriciano y seguir.\u00a0Porque ese legado es la transformaci\u00f3n social y cultural de una provincia\u201d.<\/strong><\/em><\/p>\n<p><strong>\u201c<\/strong><em><strong>No es un evento, es una experiencia, y esa experiencia permite la educaci\u00f3n art\u00edstica ciudadana. Habr\u00e1 seminarios, cl\u00ednicas, y reflexiones de c\u00f3mo seguir transformando desde el patrimonio art\u00edstico la ciudad. Y tambi\u00e9n nos proponemos una Bienal Accesible con espect\u00e1culos para personas con capacidades diferentes<\/strong><\/em>\u201d, se\u00f1al\u00f3.<\/p>\n<p>Por su parte, el presidente de la Fundaci\u00f3n Urunday,\u00a0Joses\u00e9 Eidman, expres\u00f3:\u00a0<em><strong>\u201cCada dos inviernos llegan al Chaco artistas de diferentes lugares del mundo, que trabajan durante una semana a cielo abierto. Y que las obras que producen tienen por destino el espacio p\u00fablico. Esta\u00a0es la gran virtud de la Bienal; es que las obras generadas en concurso pasan a formar parte de la cuidad, alimentando el patrimonio de nuestro gran museo al aire libre\u201d.\u00a0 \u201cLa Bienal del Chaco es un acto de amor al arte, pero es tambi\u00e9n enorme industria cultural y cautivante destino tur\u00edstico, que valida el poder transformador del arte para mejorar la realidad econ\u00f3mica y social\u201d,<\/strong><\/em>\u00a0se\u00f1al\u00f3 el presidente de la Fundaci\u00f3n Urunday, quien agradeci\u00f3 al Ministerio de Cultura de la Naci\u00f3n por la declaraci\u00f3n de \u201cBienes de Inter\u00e9s Art\u00edstico Nacional\u201d de sus dos emblem\u00e1ticas esculturas de la catedral de Resistencia, y concluy\u00f3 recordando a Fabriciano, amigo y mentor de la Bienal:\u00a0<strong><em>\u201cPara nosotros Fabri est\u00e1 presente siempre, en sus esculturas, en cada uno de nosotros\u201d.<\/em><\/strong><\/p>\n<p>Posteriormente, el intendente de Resistencia,\u00a0Gustavo Mart\u00ednez, dijo:\u00a0<em><strong>\u201cGracias al potencial art\u00edstico de Fabriciano G\u00f3mez, es central y fundamental lo que se ha logrado con la Bienal en el mundo.\u00a0La Bienal es el mejor emblema y s\u00edmbolo del potencial cultural que tiene Resistencia\u201d.<\/strong><\/em><\/p>\n<p>Finalmente, el periodista\u00a0Marcelo Nieto, brind\u00f3 una semblanza sobre Fabriciano:\u00a0<em>\u201c<strong>Se pueden decir muchas cosas de \u00e9l, por empezar que su padre era el sereno de la plaza de la ciudad, que fue profesor de dibujo y pintura, que obtuvo el Gran Premio de Honor en 1977, que fue ciudadano ilustre, vecino ejemplar, que fue distinguido con el Konex; pero sin embargo para \u00e9l,\u00a0el mayor reconocimiento fue que una escuela en Resistencia, la escuela 33, lleve su nombre.\u00a0Ese fue Fabriciano, el l\u00edder que siempre vest\u00eda traje de soldado\u201d.<\/strong><\/em><\/p>\n<p>&nbsp;<\/p>\n<p><strong>Resistencia, un museo a cielo abierto<\/strong><\/p>\n<p>En la actualidad, Resistencia cuenta con\u00a0m\u00e1s de 652 esculturas originales e in\u00e9ditas, que fueron realizadas a cielo abierto por artistas del mundo durante cada Bienal.\u00a0Las obras est\u00e1n distribuidas en parques, calles y espacios de la ciudad. Desde 1997, la UNESCO realiza el seguimiento de esta actividad y se han iniciado las gestiones tendientes a declarar a Resistencia \u201cPatrimonio Cultural de la Humanidad\u201d.<\/p>\n<p>&nbsp;<\/p>\n<p><strong>Edici\u00f3n 2022<\/strong><\/p>\n<p>De la edici\u00f3n 2022, participan\u00a0diez escultores: de\u00a0Albania, Genti Tavanxhiu; de\u00a0Alemania, Verena Mayer-Tasch, de\u00a0Argentina: Juan Pablo Marturano, de\u00a0M\u00e9xico: David Bucio, de\u00a0Corea del Sur, Sodong Choe; de\u00a0Eslovenia, Arijel Strukelj ; de\u00a0Georgia, Jhon Gogaberishvili; de\u00a0Ruman\u00eda, Petre Virgiliu Mogosanu; de\u00a0Turqu\u00eda, Ebru Akinci y de\u00a0Ucrania, Ihor Tkachivskyi.<\/p>\n<p>Durante una semana intensa estos invitados de lujo trabajar\u00e1n a cielo abierto y a ojos del p\u00fablico. El material de la faena es el\u00a0m\u00e1rmol travertino\u00a0extra\u00eddo de las canteras de San Juan, de un importante tama\u00f1o: 1,50 x0,60 x 0,60.<\/p>\n<p>El\u00a0jurado\u00a0est\u00e1 integrado por: Le\u00f3n Saavedra Geuer, de\u00a0Bolivia, Francisco Gazitua, de\u00a0Chile\u00a0y Todor Todorov, de\u00a0Bulgaria.<\/p>\n<p>&nbsp;<\/p>\n<p><strong>Otras actividades<\/strong><\/p>\n<p>En el evento tambi\u00e9n, se desarrollar\u00e1 la\u00a0octava edici\u00f3n del Premio Desaf\u00edo \u201cHierros L\u00edder\u201d, un concurso destinado a estudiantes de artes de universidades e institutos p\u00fablicos o privados de todo el pa\u00eds. La inscripci\u00f3n es totalmente gratuita y se realiza a trav\u00e9s de la web oficial de la Bienal:\u00a0<a href=\"http:\/\/anuncios.cultura.gob.ar\/\/lt.php?id=fEgDVAxUAk1SBQIPBEUDBgkDAwA\" target=\"_blank\" rel=\"noreferrer noopener\">www.bienaldelchaco.org<\/a>.<\/p>\n<p>Adem\u00e1s, como novedad para este a\u00f1o se desarrollar\u00e1 el\u00a0<strong>primer Congreso Internacional de Derecho del Arte<\/strong>, una actividad in\u00e9dita en el pa\u00eds promovido por el Poder Legislativo del Chaco y organizado en colaboraci\u00f3n por las Facultades de Derecho de la UNNE y la Universidad Nacional de Rosario.<\/p>\n<p>Otras actividades que se realizar\u00e1n durante el encuentro ser\u00e1n el\u00a0Congreso Internacional de Artes, un\u00a0seminario de Arte, Derecho, Patrimonio y Urbanismo, un festival Filarm\u00f3nico Juvenil, distintos\u00a0cursos, talleres y conferencias magistrales acad\u00e9micas, el desarrollo de las Artes Esc\u00e9nicas, presentaciones de la Orquesta Sinf\u00f3nica local, el Coro Polif\u00f3nico, el Ballet Contempor\u00e1neo, obras de teatro y circo, paseo de artesanos y expositores de la gastronom\u00eda chaque\u00f1a.<\/p>\n<p>&nbsp;<\/p>\n<p><strong>La Bienal<\/strong><\/p>\n<p>La Bienal de Chaco es una\u00a0manifestaci\u00f3n internacional de arte contempor\u00e1neo que re\u00fane artistas y pueblo en un mismo espacio, conectando de manera potente a la gente con el arte y la naturaleza. He all\u00ed su car\u00e1cter excepcional, su identidad que la distingue de las otras competencias escult\u00f3ricas a cielo abierto del mundo.<\/p>\n<p>Se trata de una\u00a0fiesta art\u00edstica, cultural y fraterna, producto del trabajo mancomunado del comit\u00e9 organizador -Fundaci\u00f3n Urunday y Gobierno de la provincia del Chaco-, con el acompa\u00f1amiento del municipio de Resistencia, instituciones, empresariado y la participaci\u00f3n masiva del pueblo chaque\u00f1o que la convierte en competencia art\u00edstica y fiesta popular, marca distintiva entre sus an\u00e1logos del planeta.<\/p>\n<p>La Bienal\u00a0est\u00e1 catalogada entre las tres mejores bienales del mundo bajo su caracter\u00edstica de competencia a cielo abierto, pero adem\u00e1s, es \u00fanica en su concepci\u00f3n virtuosa ya que las esculturas realizadas por afamados artistas del mundo tienen por destino el espacio p\u00fablico de la ciudad.<\/p>\n<p>Lo que significa que esta bienal alimenta el acervo escult\u00f3rico de la proclamada capital nacional de las esculturas, con\u00a0652\u00a0piezas en sus veredas y parques\u00a0(de las cuales m\u00e1s de 500 son productos de los concursos de esculturas y bienales). Y con obras valiosas y de calidad[\/vc_column_text][vc_empty_space height=&#8221;60px&#8221;][vc_column_text]Fuente: <a href=\"https:\/\/musicasdelmundo.com.ar\/2022\/04\/25\/en-el-centro-cultural-kirchner-se-presento-la-xii-bienal-de-chaco-que-se-desarrollara-en-el-mes-de-julio-en-la-capital-de-esa-provincia-del-nea\/\" target=\"_blank\" rel=\"noopener\">https:\/\/musicasdelmundo.com.ar\/2022\/04\/25\/en-el-centro-cultural-kirchner-se-presento-la-xii-bienal-de-chaco-que-se-desarrollara-en-el-mes-de-julio-en-la-capital-de-esa-provincia-del-nea\/<\/a>[\/vc_column_text][vc_empty_space][\/vc_column][\/vc_row]\n","protected":false},"excerpt":{"rendered":"<p>Esta ma\u00f1ana, en el\u00a0Centro Cultural Kirchner, se present\u00f3 la\u00a0XII Bienal Internacional de Escultura 2022, a realizarse del\u00a016 al 23 de julio\u00a0en la ciudad de\u00a0Resistencia, provincia del Chaco. Participaron del acto de lanzamiento, el ministro de Cultura,\u00a0Trist\u00e1n Bauer; la secretaria de Desarrollo Cultural,\u00a0Lucrecia Cardoso; el presidente&#8230;<\/p>\n","protected":false},"author":3,"featured_media":8947,"comment_status":"closed","ping_status":"closed","sticky":false,"template":"","format":"standard","meta":{"footnotes":""},"categories":[6],"tags":[],"class_list":["post-8946","post","type-post","status-publish","format-standard","has-post-thumbnail","hentry","category-novedades"],"_links":{"self":[{"href":"https:\/\/www.bienaldelchaco.org\/2024\/wp-json\/wp\/v2\/posts\/8946","targetHints":{"allow":["GET"]}}],"collection":[{"href":"https:\/\/www.bienaldelchaco.org\/2024\/wp-json\/wp\/v2\/posts"}],"about":[{"href":"https:\/\/www.bienaldelchaco.org\/2024\/wp-json\/wp\/v2\/types\/post"}],"author":[{"embeddable":true,"href":"https:\/\/www.bienaldelchaco.org\/2024\/wp-json\/wp\/v2\/users\/3"}],"replies":[{"embeddable":true,"href":"https:\/\/www.bienaldelchaco.org\/2024\/wp-json\/wp\/v2\/comments?post=8946"}],"version-history":[{"count":1,"href":"https:\/\/www.bienaldelchaco.org\/2024\/wp-json\/wp\/v2\/posts\/8946\/revisions"}],"predecessor-version":[{"id":8948,"href":"https:\/\/www.bienaldelchaco.org\/2024\/wp-json\/wp\/v2\/posts\/8946\/revisions\/8948"}],"wp:featuredmedia":[{"embeddable":true,"href":"https:\/\/www.bienaldelchaco.org\/2024\/wp-json\/wp\/v2\/media\/8947"}],"wp:attachment":[{"href":"https:\/\/www.bienaldelchaco.org\/2024\/wp-json\/wp\/v2\/media?parent=8946"}],"wp:term":[{"taxonomy":"category","embeddable":true,"href":"https:\/\/www.bienaldelchaco.org\/2024\/wp-json\/wp\/v2\/categories?post=8946"},{"taxonomy":"post_tag","embeddable":true,"href":"https:\/\/www.bienaldelchaco.org\/2024\/wp-json\/wp\/v2\/tags?post=8946"}],"curies":[{"name":"wp","href":"https:\/\/api.w.org\/{rel}","templated":true}]}}