{"id":8968,"date":"2022-04-27T15:08:16","date_gmt":"2022-04-27T18:08:16","guid":{"rendered":"https:\/\/www.bienaldelchaco.org\/2024\/?p=8968"},"modified":"2022-04-27T15:08:16","modified_gmt":"2022-04-27T18:08:16","slug":"las-miradas-puestas-en-el-chaco-se-presento-la-bienal-internacional-de-las-esculturas","status":"publish","type":"post","link":"https:\/\/www.bienaldelchaco.org\/2024\/las-miradas-puestas-en-el-chaco-se-presento-la-bienal-internacional-de-las-esculturas\/","title":{"rendered":"Las miradas puestas en el Chaco: se present\u00f3 la Bienal Internacional de las Esculturas"},"content":{"rendered":"<div class=\"wrapper-header\">\n<div class=\"container-xl\">\n<div class=\"row\">\n<div class=\"col-12\">\n<div class=\"head-content mb-4\">\n<div>\n<p>En el espl\u00e9ndido edificio del Centro Cultural Kirchner, CABA, se lleva adelante el lanzamiento de la Bienal 2022. Despu\u00e9s de tres d\u00e9cadas de concursos y bienales, la Bienal Internacional de las Esculturas llega a la Argentina toda, desde el emblem\u00e1tico centro cultural.<\/p>\n<\/div>\n<\/div>\n<\/div>\n<\/div>\n<\/div>\n<\/div>\n<p><!--more-->[vc_row css_animation=&#8221;&#8221; row_type=&#8221;row&#8221; use_row_as_full_screen_section=&#8221;no&#8221; type=&#8221;full_width&#8221; angled_section=&#8221;no&#8221; text_align=&#8221;left&#8221; background_image_as_pattern=&#8221;without_pattern&#8221;][vc_column][vc_column_text]Por primera vez el Centro Cultural Kirchner, fue el escenario para la presentaci\u00f3n de la Bienal Internacional de Escultura 2022, a realizarse del 16 al 23 de julio en la ciudad de Resistencia.<\/p>\n<div class=\"center large m_image\">\n<p>Participaron del acto de lanzamiento, el ministro de Cultura, Trist\u00e1n Bauer; la secretaria de Desarrollo Cultural, Lucrecia Cardoso; el presidente de Cultura de Chaco, Francisco Tete Romero; el presidente de la Fundaci\u00f3n Urunday, Joses\u00e9 Eidman; el intendente de la ciudad de Resistencia, Gustavo Mart\u00ednez, entre otras autoridades, invitados y p\u00fablico en general.<\/p>\n<p>Durante el acto, se record\u00f3 al escultor y fundador de la Bienal de Chaco, Fabriciano G\u00f3mez, recientemente fallecido. Tambi\u00e9n, se presentaron las y los escultores que participar\u00e1n en esta edici\u00f3n 2022, y las diversas propuestas culturales y art\u00edsticas que ser\u00e1n parte de la exposici\u00f3n escult\u00f3rica m\u00e1s importante del pa\u00eds.<\/p>\n<h3><strong>Chapas no le faltan<\/strong><\/h3>\n<p>La Bienal fue distinguida con la licencia Marca Pa\u00eds Argentina.\u00a0<strong>Declarada de inter\u00e9s cultural por la Organizaci\u00f3n de los Estados Americanos, la Secretar\u00eda General de la Presidencia de la Naci\u00f3n, el Ministerio de Cultura, el Senado, el Ministerio de Relaciones Exteriores y Culto, la C\u00e1mara de Diputados de la Naci\u00f3n y por la C\u00e1mara de Diputados de la Provincia del Chaco.<\/strong><\/p>\n<\/div>\n<p>Distinguida por su alto inter\u00e9s art\u00edstico y cultural con el auspicio de La Academia Nacional de Bellas Artes y el Fondo Nacional de las Artes. Reconocida por la Asociaci\u00f3n Argentina de Cr\u00edticos de Arte con el premio Alfredo Roland a la trayectoria cultural y por la Fundaci\u00f3n Konex con el premio Konex a las artes visuales argentinas. \u00a0Desde el a\u00f1o 1997 cuenta con el auspicio permanente de la UNESCO.<\/p>\n<p>Los Procesos de Organizaci\u00f3n de la<strong>\u00a0Bienal del Chaco<\/strong>\u00a0est\u00e1n certificados con la Norma internacional de calidad IRAM ISO 9001.<\/p>\n<p>Tras el video de apertura, se continu\u00f3 con la lista de\u00a0<strong>escultores del mundo que participan<\/strong>\u00a0y toda la rueda de actividades aleatorias culturales, art\u00edsticas y de ocio que ofrecer\u00e1 la Bienal del Chaco.<\/p>\n<h4><strong>La edici\u00f3n 2022 de la Bienal Internacional de Escultura recibi\u00f3 124 inscripciones de 70 pa\u00edses.<\/strong><\/h4>\n<p>La trayectoria de los artistas y la calidad de los proyectos presentados fueron los criterios utilizados para seleccionar 10 escultores consagrados internacionalmente representando a distintos pa\u00edses del mundo.<\/p>\n<h3><\/h3>\n<h3><strong>Trit\u00e1n Bauer y el recuerdo a Fabriciano\u00a0<\/strong><\/h3>\n<p>El ministro Bauer, destac\u00f3: &#8220;treinta y cuatro a\u00f1os han pasado de estos concursos de esculturas; cuando esas ideas nacen bien se van profundizando, y eso es lo que ocurri\u00f3 con esta Bienal&#8221;. Bauer tambi\u00e9n tuvo palabras para Fabriciano G\u00f3mez, mentor de la Bienal de Chaco, a quien agradeci\u00f3 &#8220;por su trabajo, su fuerte compromiso y por darle continuidad&#8221;.<\/p>\n<p>Asimismo, se dirigi\u00f3 a los chaque\u00f1os presentes en el acto: &#8220;trabajemos unidos en esta etapa que es muy importante; en 2017 se sancion\u00f3 una ley que da caducidad a fondos destinados a institutos y bibliotecas p\u00fablicas; por eso desde el Ministerio de Cultura estamos trabajando para que se sancione la ley y tengamos la vigencia de esos fondos, les pido que nos acompa\u00f1en&#8221;.<\/p>\n<p>&nbsp;<\/p>\n<h3><strong>Romero: &#8220;No es un evento, es una experiencia&#8221;<\/strong><\/h3>\n<p>Por su parte, el presidente del Instituto de Cultura de Chaco, Francisco Tete Romero, dijo: &#8220;La felicidad de la vuelta de la Bienal 2022. Gracias Joses\u00e9, Mimo y a todos integrantes de la Bienal por tomar el legado de Fabriciano y seguir. Porque ese legado es la transformaci\u00f3n social y cultural de una provincia&#8221;.<\/p>\n<p>&#8220;No es un evento, es una experiencia, y esa experiencia permite la educaci\u00f3n art\u00edstica ciudadana. Habr\u00e1 seminarios, cl\u00ednicas, y reflexiones de c\u00f3mo seguir transformando desde el patrimonio art\u00edstico la ciudad. Y tambi\u00e9n nos proponemos una Bienal Accesible con espect\u00e1culos para personas con capacidades diferentes&#8221;, se\u00f1al\u00f3.<\/p>\n<p>&nbsp;<\/p>\n<h3><strong>Eidman destac\u00f3 la virtud de la Bienal\u00a0<\/strong><\/h3>\n<p>El presidente de la Fundaci\u00f3n Urunday,\u00a0 Jos\u00e9 Eidman, manifest\u00f3: &#8220;Hacer del arte una experiencia transformadora es el buen puerto al que ha llegado la Bienal del Chaco. A trav\u00e9s de la Bienal, el Comit\u00e9 Organizador y el Pueblo del Chaco ponen en valor superlativo al arte como vivencia est\u00e9tica, social, cultural y educativa&#8221;.<\/p>\n<p>&#8220;Resistencia tiene en este momento, 652 esculturas en sus veredas, parques y bulevares; y porta el t\u00edtulo de Capital Nacional de las esculturas y Capital de las esculturas del MERCOSUR&#8221;, dijo y \u00a0cont\u00f3 la f\u00f3rmula de la Bienal: &#8220;cada dos inviernos llegan al Chaco artistas de diferentes lugares del mundo, que trabajan durante una semana a cielo abierto. Y que las obras que producen tienen por destino el espacio p\u00fablico.Esta es la gran virtud de la Bienal; es que las obras generadas en concurso pasan a formar parte de la cuidad, alimentando el patrimonio de nuestro gran museo al aire libre&#8221;.<\/p>\n<p>&#8220;La Bienal del Chaco es un acto de amor al arte, pero es tambi\u00e9n enorme industria cultural y cautivante destino tur\u00edstico, que valida el poder transformador del arte para mejorar la realidad econ\u00f3mica y social&#8221; expres\u00f3 Joses\u00e9.<\/p>\n<p>Por \u00faltimo Eidman hizo menci\u00f3n a la Ley de Mecenazgo, la cual la herramienta que hace posible la uni\u00f3n de fuerzas p\u00fablicas y privadas para que este enorme acontecimiento sea accesible y gratuito para todas y todos los visitantes&#8221;<\/p>\n<p>&nbsp;<\/p>\n<h3><strong>\u00a0Posicionar a Resistencia<\/strong><\/h3>\n<p>El intendente de Resistencia, Gustavo Mart\u00ednez, acompa\u00f1\u00f3 la presentaci\u00f3n de la Bienal Internacional de Esculturas. Durante el lanzamiento,\u00a0 el jefe comunal garantiz\u00f3 que el Municipio est\u00e1 llevando adelante todas las tareas necesarias para que el evento internacional se desarrolle en una ciudad preparada para la gran cantidad de visitantes que se esperan.<\/p>\n<p>&#8220;Es una ciudad que tiene m\u00e1s de 650 esculturas al aire libre y que se ha caracterizado por potenciar el desarrollo art\u00edstico \/ cultural&#8221;expres\u00f3 Martinez y sum\u00f3 que el evento principal estar\u00e1 complementado &#8220;con coros, artes esc\u00e9nicas, artistas musicales y ferias de emprendedores&#8221;, entre otros atractivos. &#8220;Es una convocatoria espectacular para todos los habitantes de la Argentina&#8221;, reiter\u00f3.<\/p>\n<p>Adem\u00e1s, en cuanto a las tareas que desarrolla la Comuna de cara al evento, explic\u00f3: &#8220;Estamos trabajando arduamente en todo lo necesario para que la infraestructura, seguridad, el transporte, la gastronom\u00eda, hoteler\u00eda, todo est\u00e9 en condiciones&#8221;. La idea es que los turistas puedan &#8220;visitar los parques, las lagunas, pasear en los bicibotes&#8221;, sumo y cerr\u00f3 afirmando: &#8220;Vamos a poner todo desde la municipalidad para complementar este hecho hist\u00f3rico para la ciudad de Resistencia&#8221;.[\/vc_column_text][vc_empty_space height=&#8221;60px&#8221;][vc_column_text]Fuente: <a href=\"https:\/\/www.diarionorte.com\/217169-imponente-lanzamiento-de-la-bienal-internacional-de-las-esculturas-del-chaco-2022-en-buenos-aires\" target=\"_blank\" rel=\"noopener\">https:\/\/www.diarionorte.com\/217169-imponente-lanzamiento-de-la-bienal-internacional-de-las-esculturas-del-chaco-2022-en-buenos-aires<\/a>[\/vc_column_text][vc_empty_space][\/vc_column][\/vc_row]\n","protected":false},"excerpt":{"rendered":"<p>En el espl\u00e9ndido edificio del Centro Cultural Kirchner, CABA, se lleva adelante el lanzamiento de la Bienal 2022. Despu\u00e9s de tres d\u00e9cadas de concursos y bienales, la Bienal Internacional de las Esculturas llega a la Argentina toda, desde el emblem\u00e1tico centro cultural.<\/p>\n","protected":false},"author":3,"featured_media":8969,"comment_status":"closed","ping_status":"closed","sticky":false,"template":"","format":"standard","meta":{"footnotes":""},"categories":[6],"tags":[],"class_list":["post-8968","post","type-post","status-publish","format-standard","has-post-thumbnail","hentry","category-novedades"],"_links":{"self":[{"href":"https:\/\/www.bienaldelchaco.org\/2024\/wp-json\/wp\/v2\/posts\/8968","targetHints":{"allow":["GET"]}}],"collection":[{"href":"https:\/\/www.bienaldelchaco.org\/2024\/wp-json\/wp\/v2\/posts"}],"about":[{"href":"https:\/\/www.bienaldelchaco.org\/2024\/wp-json\/wp\/v2\/types\/post"}],"author":[{"embeddable":true,"href":"https:\/\/www.bienaldelchaco.org\/2024\/wp-json\/wp\/v2\/users\/3"}],"replies":[{"embeddable":true,"href":"https:\/\/www.bienaldelchaco.org\/2024\/wp-json\/wp\/v2\/comments?post=8968"}],"version-history":[{"count":1,"href":"https:\/\/www.bienaldelchaco.org\/2024\/wp-json\/wp\/v2\/posts\/8968\/revisions"}],"predecessor-version":[{"id":8970,"href":"https:\/\/www.bienaldelchaco.org\/2024\/wp-json\/wp\/v2\/posts\/8968\/revisions\/8970"}],"wp:featuredmedia":[{"embeddable":true,"href":"https:\/\/www.bienaldelchaco.org\/2024\/wp-json\/wp\/v2\/media\/8969"}],"wp:attachment":[{"href":"https:\/\/www.bienaldelchaco.org\/2024\/wp-json\/wp\/v2\/media?parent=8968"}],"wp:term":[{"taxonomy":"category","embeddable":true,"href":"https:\/\/www.bienaldelchaco.org\/2024\/wp-json\/wp\/v2\/categories?post=8968"},{"taxonomy":"post_tag","embeddable":true,"href":"https:\/\/www.bienaldelchaco.org\/2024\/wp-json\/wp\/v2\/tags?post=8968"}],"curies":[{"name":"wp","href":"https:\/\/api.w.org\/{rel}","templated":true}]}}