{"id":9002,"date":"2022-05-04T15:31:56","date_gmt":"2022-05-04T18:31:56","guid":{"rendered":"https:\/\/www.bienaldelchaco.org\/2024\/?p=9002"},"modified":"2022-05-04T15:32:27","modified_gmt":"2022-05-04T18:32:27","slug":"el-fogon-cumple-79-anos-y-se-proyecta-para-cobijar-la-tradicional-cena-de-apertura-con-escultores-de-la-bienal","status":"publish","type":"post","link":"https:\/\/www.bienaldelchaco.org\/2024\/el-fogon-cumple-79-anos-y-se-proyecta-para-cobijar-la-tradicional-cena-de-apertura-con-escultores-de-la-bienal\/","title":{"rendered":"El Fog\u00f3n cumple 79 a\u00f1os y se proyecta para cobijar la tradicional cena de apertura con escultores de la Bienal"},"content":{"rendered":"<p class=\"noticia__contenido\">79 a\u00f1os de fecunda labor. Su esp\u00edritu puede resumirse en los versos an\u00f3nimos escritos cerca de la entrada: Si has de agregar una sonrisa, al vino y a la sal que te brinda esta casa, det\u00e9n viajero tu camino, abre la puerta sin llamar y pasa. Marcel Marceau, Jorge Luis Borges, Ariel Ram\u00edrez, Ernesto S\u00e1bato, Jorge Romero Brest, Ren\u00e9 Favaloro, algunos de los ilustres nombres que lo han visitado<\/p>\n<p><!--more-->[vc_row css_animation=&#8221;&#8221; row_type=&#8221;row&#8221; use_row_as_full_screen_section=&#8221;no&#8221; type=&#8221;full_width&#8221; angled_section=&#8221;no&#8221; text_align=&#8221;left&#8221; background_image_as_pattern=&#8221;without_pattern&#8221;][vc_column][vc_column_text]La idea es llegar a la Bienal de Esculturas 2022, un cl\u00e1sico dentro del Fog\u00f3n que tambi\u00e9n cobija de manera tradicional las cenas de apertura, que en esta edici\u00f3n est\u00e1 programada para el 15 de julio, \u201crecibiendo a los escultores del mundo de esta Bienal\u201d.<\/p>\n<p>El Fog\u00f3n de los Arrieros fue creado en 1943 por Aldo Boglietti, un rosarino que lleg\u00f3 a Resistencia y muy pronto se convirti\u00f3 en un mecenas de personalidad multifac\u00e9tica y convocante. Al principio estuvo en su domicilio particular, en ese entonces calle Brown 188 de Resistencia. En 1955 se traslad\u00f3 a su nueva y actual sede en Brown 350, y se convirti\u00f3 en un verdadero faro de cultura, reconocido no s\u00f3lo a nivel nacional sino tambi\u00e9n internacional. Desde sus inicios congreg\u00f3 a artistas pl\u00e1sticos, poetas y m\u00fasicos, reunidos al calor de la amistad como emblema y filosof\u00eda de vida.<\/p>\n<p>Aldo Boglietti (Rosario, 1908 &#8211; Resistencia, 1979) festejaba su cumplea\u00f1os cada 20 de agosto y, con su inconfundible sentido del humor, la invitaci\u00f3n siempre dec\u00eda: \u201ca las 20 y 20, para tomar no menos de 20 copas\u201d. Adem\u00e1s de celebrarse el cumplea\u00f1os del \u201cpe\u00f3n\u201d de la casa -tal como se hac\u00eda llamar-, se instituy\u00f3 en esa misma fecha el aniversario de la emblem\u00e1tica instituci\u00f3n.<\/p>\n<p>Resulta dif\u00edcil explicar con precisi\u00f3n lo que es El Fog\u00f3n de los Arrieros. Descripto como instituci\u00f3n cultural y museo, club y templo de amistad, tambi\u00e9n puede decirse que es una caja de sorpresas. Es cada una de esas cosas y todas a la vez, porque es un estilo de vida, una manera de ser que no admite encasillamiento en f\u00f3rmulas estrechas. No se puede hablar de la cultura del Chaco sin nombrar a El Fog\u00f3n de los Arrieros, el singular espacio que escribi\u00f3 las principales p\u00e1ginas de nuestra historia y hoy se afianza como un original polo del quehacer cultural chaque\u00f1o.<\/p>\n<p>El escultor Juan de Dios Mena, accediendo a la invitaci\u00f3n de Boglietti, se instal\u00f3 en El Fog\u00f3n de los Arrieros en noviembre de 1944 y all\u00ed vivi\u00f3 y tuvo su taller durante 10 a\u00f1os, hasta su fallecimiento el 4 de abril de 1954, fecha luego designada como el inicio anual de la temporada cultural de la instituci\u00f3n.<\/p>\n<p>En 1968, Aldo Boglietti don\u00f3 su propiedad y todos los bienes contenidos en ella, y cre\u00f3 la Fundaci\u00f3n Cultural El Fog\u00f3n de los Arrieros, que ese mismo a\u00f1o obtuvo personer\u00eda jur\u00eddica y legal y organiz\u00f3 su primer consejo directivo. Desprenderse de sus bienes personales para perpetuar un legado cultural y lograr que llegara a todos era el modelo de vida de Aldo: hacer de la ciudad un museo abierto para que el arte trascendiera y fuera accesible al pueblo.<\/p>\n<p>La exacta dimensi\u00f3n de esa idea se resume en la frase que dijera Andr\u00e9 Malraux en la oraci\u00f3n f\u00fanebre para el gran arquitecto Le Corbusier: \u201cLuch\u00f3 por el hombre. Para \u00e9l una casa deb\u00eda ser una m\u00e1quina productora de felicidad\u201d. Aldo conceb\u00eda que su casa no era \u00a0s\u00f3lo el Fog\u00f3n, sino la ciudad entera. En ese contexto intelectual y humano, entendemos que El Fog\u00f3n de los Arrieros era para \u00e9l la sala y la ciudad de Resistencia su casa\u2026 Y todav\u00eda no se han cumplido todos sus proyectos y sus sue\u00f1os visionarios para la \u00e9poca en que le toc\u00f3 actuar. Se crey\u00f3, durante mucho tiempo, que era producto de una fantas\u00eda anormal la genial concepci\u00f3n de sus ideas.<\/p>\n<p>&nbsp;<\/p>\n<p><strong>Una llama encendida<\/strong><\/p>\n<p>Desde su origen, El Fog\u00f3n de los Arrieros reuni\u00f3 un singular crisol de artistas: pintores, escultores, muralistas, grabadores, escritores, poetas, m\u00fasicos, todos congregados bajo el emblema que preside el frente del edificio: \u201cLa amistad\u201d, mural de Julio Vanzo que simboliza la mano abierta a los cuatros rumbos del mundo, de all\u00ed el nombre de la instituci\u00f3n. \u201cArrieros\u201d, en alusi\u00f3n a quienes llevan el ganado, al amigo que pasa y se va, y \u201cFog\u00f3n\u201d en referencia al calor de la amistad que se cosecha alrededor del fuego.<\/p>\n<p>El Fog\u00f3n de los Arrieros puede considerarse un aut\u00e9ntico territorio cultural. A lo largo de su historia hizo trascender a la provincia del Chaco y tambi\u00e9n al pa\u00eds en el plano internacional, realizando con su accionar una obra de eminente significaci\u00f3n. Intelectuales, cient\u00edficos, pol\u00edticos y personalidades de la cultura ofrecieron conferencias, cursos, espect\u00e1culos y exposiciones: Jorge Luis Borges, Ariel Ram\u00edrez, Mar\u00eda Fux, Nicol\u00e1s Guill\u00e9n y F\u00e9lix Luna, por s\u00f3lo nombrar algunos, dieron a conocer su obra y su pensamiento en inolvidables noches de encuentros e ideales compartidos.<\/p>\n<p>Entre 1944 y 1954, Juan de Dios Mena vivi\u00f3 en El Fog\u00f3n de los Arrieros y tall\u00f3 sus famosos \u201ctapes\u201d de curup\u00ed, peque\u00f1as estatuitas en esa madera blanda y chaque\u00f1a. All\u00ed trabajaron Carlos Schenone, Jos\u00e9 Zali, Ren\u00e9 Brusau y V\u00edctor Marchese. Tambi\u00e9n se integraron -a veces fugazmente- los artistas Julio Vanzo, Sergio Sergi, Aquiles Badi, Gustavo Cochet, C\u00e9sar Fern\u00e1ndez Navarro, Ra\u00fal Schurjin, Jacinto Castillo, Ra\u00fal Monsegur y Lorenzo Dom\u00ednguez, sembrando con sus obras y recuerdos la casa fogonera.<\/p>\n<p>&nbsp;<\/p>\n<p><strong>Iluminados por el arte<\/strong><\/p>\n<p>El Fog\u00f3n de los Arrieros ocupa una casona de dos plantas construida por el arquitecto Humberto Mascheroni. Posee una enorme pinacoteca, una biblioteca de arte que lleg\u00f3 a ser la m\u00e1s importante del pa\u00eds, y much\u00edsimas tallas y esculturas, objetos ins\u00f3litos y preciados recuerdos. El local tiene algunas de las audacias imaginadas por Aldo Boglietti: murales de Demetrio Urruch\u00faa, Julio Vanzo y Ra\u00fal Monsegur; el piso dise\u00f1ado por Ren\u00e9 Brusau; paredes, escaleras y puertas pintadas por Oscar Capristo, Eduardo Jonqui\u00e9res, Juan Grela, Claudio Gorrochategui, Francisco V\u00e1zquez, L\u00edbero Badii, Rodrigo Bonome, Fernando Arranz y Miguel Brasc\u00f3.<\/p>\n<p>En el desorden organizado hay curiosidades para descubrir: un bot\u00f3n del corpi\u00f1o de Rita Hayworth, una casaca firmada por Diego Maradona, una armadura de samur\u00e1i, un colmillo de elefante, los guantes que us\u00f3 Monz\u00f3n cuando se coron\u00f3 campe\u00f3n mundial, una h\u00e9lice de un avi\u00f3n que vol\u00f3 Jean Mermoz, una colecci\u00f3n de tacitas de caf\u00e9, un cheque firmado por Carlos Gardel, un surtidor de YPF y hasta el cementerio propio denominado Colonia Salsipuedes.<\/p>\n<p>Dentro y fuera, y hasta en las terrazas transformadas en jardines, conviven obras de Lucio Fontana, Emilio Pettoruti, Stefan Erzia, Noem\u00ed Gerstein, Carlos P\u00e1ez Vilar\u00f3, Ra\u00fal Soldi, Gino Severini, Juan Carlos Castagnino, Le\u00f3nidas Gambartes, Mario Pucciarelli, Alfredo Bigatti, Luis Barrag\u00e1n y muchos m\u00e1s. Una \u00a0importante colecci\u00f3n de obras de arte convive con antig\u00fcedades y objetos curiosos, en un verdadero \u201cbric \u00e9 brac\u201d.<\/p>\n<p>&nbsp;<\/p>\n<p><strong>Historia de una identidad<\/strong><\/p>\n<p>Entre 1960 y 1977, El Fog\u00f3n de los Arrieros se lanz\u00f3 a una nueva aventura: las calles, las plazas y las banquinas de Resistencia. Primero se llenaron de verde y de flores, luego de murales y esculturas, realizando el lema pionero de Aldo Boglietti en referencia al arte: \u201cTodo debe estar al alcance de todos\u201d. As\u00ed se concret\u00f3 su sue\u00f1o de convertir a Resistencia \u201cen un gran museo\u201d.<\/p>\n<p>El movimiento para convertir las banquinas de la ciudad en jardines se inici\u00f3 en junio de 1961. Al mes siguiente se logr\u00f3 el apoyo de la Comuna y del Concejo Municipal, que resolvieron poner a disposici\u00f3n un equipo de obreros para la preparaci\u00f3n de la tierra para la colocaci\u00f3n de flores y un premio al vecino cuya banquina se presentara como la mejor cuidada (Diario El Territorio, lunes 2 y viernes 7 de julio de 1961).<\/p>\n<p>El viernes 14 de julio de 1961 El Fog\u00f3n de los Arrieros inaugur\u00f3 las seis primeras esculturas colocadas en paseos y veredas de Resistencia. Son obras de varios artistas del pa\u00eds y del exterior. La primera, colocada frente al edificio fogonero, se titula Figura abstracta (cemento) del escultor y arquitecto V\u00edctor Marchese.<\/p>\n<p>El escritor y cr\u00edtico de arte C\u00f3rdova Iturburu estuvo presente para la inauguraci\u00f3n de las primeras esculturas y destac\u00f3 la trascendencia que para el arte y el urbanismo tienen iniciativas como estas. Posteriormente se descubrieron las restantes esculturas y el mismo C\u00f3rdova Iturburu explic\u00f3 al p\u00fablico, en forma breve, el significado de cada obra. De all\u00ed el origen de la transformaci\u00f3n de Resistencia, hoy conocida como \u201cCiudad de las Esculturas\u201d, trabajo que contin\u00faa.<\/p>\n<p>&nbsp;<\/p>\n<p><strong>Un compromiso que se renueva<\/strong><\/p>\n<p>Despu\u00e9s de tantos a\u00f1os y tantos logros, con un invaluable patrimonio, actualmente El Fog\u00f3n de los Arrieros ofrece a los visitantes una variedad de actividades. Entre los cl\u00e1sicos encuentros fogoneros hay que mencionar los jueves de tango y los domingos de \u00f3pera, pero all\u00ed tambi\u00e9n suceden ciclos de cine-debate, presentaciones literarias, exposiciones art\u00edsticas, recitales y conciertos, visitas comentadas, talleres y cursos organizados por otras instituciones. Las variadas experiencias que se concretan en El Fog\u00f3n de los Arrieros se apoyan en la idea de que el arte es un factor vital para el desarrollo de una naci\u00f3n y contribuye a la afirmaci\u00f3n de su identidad.<\/p>\n<p>Felizmente, hoy se llevan adelante a paso de gigante los ideales que Aldo Boglietti compartiera con Juan de Dios Mena, el otro realizador fogonero y compa\u00f1ero de sus afanosas luchas. Muchos seguimos aun tratando de dar forma y hacer efectivas sus utop\u00edas, recreando su ingenio agudo y sus extraordinarias condiciones de l\u00edder.<\/p>\n<p>Hoy, en este nuevo aniversario, se renueva el compromiso de mantener el esp\u00edritu que siempre gu\u00edo a Aldo en procura de una ciudad cada d\u00eda mejor. Porque como dijera Antoine de Saint Exup\u00e9ry: \u201cSer hombre es sentir que al colocar en su lugar una piedra, uno contribuye a la construcci\u00f3n del edificio del mundo\u201d.<\/p>\n<p>&nbsp;<\/p>\n<p>* Vicepresidente de la Fundaci\u00f3n \u201cEl Fog\u00f3n de los Arrieros\u201d; docente en las facultades de Arte y Arquitectura (UNNE); expresidente del Instituto de Cultura del Chaco.[\/vc_column_text][vc_empty_space height=&#8221;60px&#8221;][vc_column_text]Fuente: <a href=\"http:\/\/www.diario21.tv\/notix2\/movil2\/noticia\/173954_el-fogoacuten-cumple-79-antildeos-y-se-proyecta-para-cobijar-la-tradicional-cena-de-apertura-con-escultores-de-la-bienal.htm\" target=\"_blank\" rel=\"noopener\">http:\/\/www.diario21.tv\/notix2\/movil2\/noticia\/173954_el-fogoacuten-cumple-79-antildeos-y-se-proyecta-para-cobijar-la-tradicional-cena-de-apertura-con-escultores-de-la-bienal.htm<\/a>[\/vc_column_text][vc_empty_space][\/vc_column][\/vc_row]\n","protected":false},"excerpt":{"rendered":"<p>79 a\u00f1os de fecunda labor. Su esp\u00edritu puede resumirse en los versos an\u00f3nimos escritos cerca de la entrada: Si has de agregar una sonrisa, al vino y a la sal que te brinda esta casa, det\u00e9n viajero tu camino, abre la puerta sin llamar y&#8230;<\/p>\n","protected":false},"author":3,"featured_media":9003,"comment_status":"closed","ping_status":"closed","sticky":false,"template":"","format":"standard","meta":{"footnotes":""},"categories":[6],"tags":[],"class_list":["post-9002","post","type-post","status-publish","format-standard","has-post-thumbnail","hentry","category-novedades"],"_links":{"self":[{"href":"https:\/\/www.bienaldelchaco.org\/2024\/wp-json\/wp\/v2\/posts\/9002","targetHints":{"allow":["GET"]}}],"collection":[{"href":"https:\/\/www.bienaldelchaco.org\/2024\/wp-json\/wp\/v2\/posts"}],"about":[{"href":"https:\/\/www.bienaldelchaco.org\/2024\/wp-json\/wp\/v2\/types\/post"}],"author":[{"embeddable":true,"href":"https:\/\/www.bienaldelchaco.org\/2024\/wp-json\/wp\/v2\/users\/3"}],"replies":[{"embeddable":true,"href":"https:\/\/www.bienaldelchaco.org\/2024\/wp-json\/wp\/v2\/comments?post=9002"}],"version-history":[{"count":2,"href":"https:\/\/www.bienaldelchaco.org\/2024\/wp-json\/wp\/v2\/posts\/9002\/revisions"}],"predecessor-version":[{"id":9005,"href":"https:\/\/www.bienaldelchaco.org\/2024\/wp-json\/wp\/v2\/posts\/9002\/revisions\/9005"}],"wp:featuredmedia":[{"embeddable":true,"href":"https:\/\/www.bienaldelchaco.org\/2024\/wp-json\/wp\/v2\/media\/9003"}],"wp:attachment":[{"href":"https:\/\/www.bienaldelchaco.org\/2024\/wp-json\/wp\/v2\/media?parent=9002"}],"wp:term":[{"taxonomy":"category","embeddable":true,"href":"https:\/\/www.bienaldelchaco.org\/2024\/wp-json\/wp\/v2\/categories?post=9002"},{"taxonomy":"post_tag","embeddable":true,"href":"https:\/\/www.bienaldelchaco.org\/2024\/wp-json\/wp\/v2\/tags?post=9002"}],"curies":[{"name":"wp","href":"https:\/\/api.w.org\/{rel}","templated":true}]}}