{"id":9006,"date":"2022-05-04T15:34:43","date_gmt":"2022-05-04T18:34:43","guid":{"rendered":"https:\/\/www.bienaldelchaco.org\/2024\/?p=9006"},"modified":"2022-05-04T15:34:43","modified_gmt":"2022-05-04T18:34:43","slug":"el-fogon-cumple-79-anos-y-se-proyecta-para-cobijar-la-tradicional-cena-de-apertura-con-escultores-de-la-bienal-2","status":"publish","type":"post","link":"https:\/\/www.bienaldelchaco.org\/2024\/el-fogon-cumple-79-anos-y-se-proyecta-para-cobijar-la-tradicional-cena-de-apertura-con-escultores-de-la-bienal-2\/","title":{"rendered":"El Fog\u00f3n cumple 79 a\u00f1os y se proyecta para cobijar la tradicional cena de apertura con escultores de la Bienal"},"content":{"rendered":"<p>&#8220;La acci\u00f3n m\u00e1s grande, la semilla que dej\u00f3 el Fog\u00f3n, el pensamiento de ese grupo iniciador fue que conociesen a Resistencia como Ciudad de las Esculturas\u201d, resalt\u00f3 Marcelo Gustin, vicepresidente de la Fundaci\u00f3n, en una charla en los estudios de CIUDAD TV. Habl\u00f3 de las refacciones que se proyectan, del aniversario por los 79 a\u00f1os en agosto, y de la cena tradicional que alberga a los escultores del mundo en la primera noche de Bienal. &#8220;El Fog\u00f3n es una casa de amigos, un lugar de expresi\u00f3n y de libre pensamiento&#8221;, expres\u00f3 sobre el emblem\u00e1tico espacio cultural de la capital chaque\u00f1a.<\/p>\n<div class=\"td-module-meta-info\"><\/div>\n<p><!--more-->[vc_row css_animation=&#8221;&#8221; row_type=&#8221;row&#8221; use_row_as_full_screen_section=&#8221;no&#8221; type=&#8221;full_width&#8221; angled_section=&#8221;no&#8221; text_align=&#8221;left&#8221; background_image_as_pattern=&#8221;without_pattern&#8221;][vc_column][vc_column_text]El vicepresidente de la fundaci\u00f3n El Fog\u00f3n de los Arrieros, Marcelo Gustin, visit\u00f3 los estudios de <strong>CIUDAD TV<\/strong>\u00a0para dialogar sobre la restauraci\u00f3n que se proyecta en el emblem\u00e1tico espacio cultural de la capital chaque\u00f1a, \u201cesa casa de amigos, lugar de expresi\u00f3n y de libre pensamiento\u201d.<\/p>\n<p>\u201cEl Fog\u00f3n cumple 79 a\u00f1os el pr\u00f3ximo 20 de agosto. El edificio actual tiene 67 a\u00f1os y ha tenido ciertas intervenciones y restauraciones de las obras murales que tiene dentro, pero es necesario una restauraci\u00f3n, una puesta en valor, una refuncionalizaci\u00f3n integral de todo el edificio\u201d, coment\u00f3 el gestor.<\/p>\n<p>En raz\u00f3n de ello es que se dio la visita del intendente Gustavo Mart\u00ednez la semana pasada, junto con la concejal radical Mar\u00eda teresa Celada, \u201cella con una historia familiar dentro de la instituci\u00f3n del Fog\u00f3n\u201d. En esa reuni\u00f3n plantearon la necesidad de estas obras. Y acordaron la pintura de todo el edificio, cuestiones de tapicer\u00eda, acondicionamiento del equipamiento de refrigeraci\u00f3n, refuncionalizaci\u00f3n de la pileta y de los vestuarios de este hist\u00f3rico albergue de artistas.<\/p>\n<p>La idea es llegar a la Bienal de Esculturas 2022, un cl\u00e1sico dentro del Fog\u00f3n que tambi\u00e9n cobija de manera tradicional las cenas de apertura, que en esta edici\u00f3n est\u00e1 programada para el 15 de julio, \u201crecibiendo a los escultores del mundo de esta Bienal\u201d.<\/p>\n<p>&nbsp;<\/p>\n<p><strong>Los cl\u00e1sicos del Fog\u00f3n<\/strong><\/p>\n<p>Tras pandemia, el Fog\u00f3n de los Arrieros retom\u00f3 su agenda habitual que incluye a los cl\u00e1sicos jueves de tango, con m\u00e1s de 40 a\u00f1os de puestas, actividad que se complementa con clases de tango los d\u00edas mi\u00e9rcoles; ciclos de jazz, obras de teatro. \u201cLa actividad ha retomado y el acompa\u00f1amiento, sobre todo, de la gente que es lo m\u00e1s importante a las diferentes ofertas culturales que da el Fog\u00f3n\u201d.<\/p>\n<p>&nbsp;<\/p>\n<p><strong>El Fog\u00f3n: \u201cUn lugar de expresi\u00f3n y de libre pensamiento\u201d\u00a0<\/strong><\/p>\n<p>El Fog\u00f3n se inici\u00f3 en la d\u00e9cada del 40, \u201cen 1943 con la llegada de un rosarino, Aldo Boglietti, junto con su hermano Efra\u00edn Boglietti, y en una casa por la calle Brown al 188, a una cuadra en donde se encuentra el edificio de 67 a\u00f1os, se inicia el Fog\u00f3n con una idea muy particular\u2026\u201d.<\/p>\n<p>\u201cBoglietti en ese momento, en Resistencia, que era territorio nacional, ofrece su casa como lugar de reuni\u00f3n, de debate, y empiezan a llegar diferentes artistas. Uno de los que llega fue Juan de Dios Mena, a quien se le debe el nombre, a un escultor santafesino. \u00c9l dec\u00eda que estaba puesto en el sentido literal fog\u00f3n, como lugar de reuni\u00f3n, como calor de hogar. Y arrieros, haciendo una relaci\u00f3n a la persona que est\u00e1 arriando animales, que est\u00e1 por una noche y contin\u00faa viaje; como el artista que viene, deja su obra, su pintura, su m\u00fasica, deja su letra y contin\u00faa viaje. Por eso es el lugar de reuni\u00f3n de artistas que han pasado y dejado su obra all\u00ed, en el Fog\u00f3n\u201d.\u00a0\u201cEl Fog\u00f3n es un centro cultural, un Museo, una casa de amigos, un lugar de expresi\u00f3n y de libre pensamiento\u201d.<\/p>\n<p>Sobre su arquitectura, coment\u00f3 que \u201cresponde a un movimiento, a la arquitectura moderna. \u201cEs un edificio realmente de vanguardia, con todas las pautas de la arquitectura moderna: terraza jard\u00edn, vegetaci\u00f3n en el techo, sistema estructural de p\u00f3rticos donde la planta alta no est\u00e1 mantenida a trav\u00e9s de columnas sino de tensores. \u201cRealmente, un edificio que sigue siendo muy vanguardista al d\u00eda de hoy, con espacios muy flexibles que permiten muchas actividades\u201d, valor\u00f3.<\/p>\n<p>&nbsp;<\/p>\n<p><strong>La \u201cmagia del Fog\u00f3n\u201d, a modo Boglietti<\/strong><\/p>\n<p>En agosto, el Fog\u00f3n cumple 79 a\u00f1os. Tambi\u00e9n siguiendo la tradici\u00f3n se espera una gran cena que convocar\u00e1 a los amigos de la casa, a grupos musicales, para compartir una velada de celebraci\u00f3n.<\/p>\n<p>\u201cLa acci\u00f3n m\u00e1s grande, esa semilla que dej\u00f3 el Fog\u00f3n, el pensamiento de ese grupo iniciador era que conociesen a Resistencia como ciudad de las esculturas. All\u00ed, en 1961, Aldo Boglietti inicia el emplazamiento de esculturas en las calles y despu\u00e9s, ya en la d\u00e9cada del 90, lo contin\u00faa Fabriciano G\u00f3mez\u201d, destac\u00f3.<\/p>\n<p>Reflexion\u00f3 por \u00faltimo sobre lo que lo caracteriza al Fog\u00f3n de los Arrieros, lo define, y expres\u00f3: \u201cLo que m\u00e1s me llama la atenci\u00f3n, como arquitecto, es el edificio y la vigencia del edificio. Pero es m\u00e1s es esa concepci\u00f3n visionaria para el momento en el que fue armado el Fog\u00f3n, de armar un Museo, no con un guion museogr\u00e1fico, con una trama, sino con obras que son museables mezcladas con objetos. Era el modo que ten\u00eda Bloglietti de alcanzar a todos, de llegar a todos. Uno puede encontrar una obra de Quinquela Mart\u00edn a lado de los guantes de Carlos Monz\u00f3n que gana el Campeonato Mundial contra Gino Benbenutti. Esa magia es la que uno en cada esquina va descubriendo\u2026, encontrar una pelota firmada por Kempes junto con pinturas de Emilio Pettoruti o de Lucio Fontana o de Ra\u00fal Soldi, que est\u00e1n all\u00ed, en el Fog\u00f3n de los Arrieros\u201d.<\/p>\n<p>&nbsp;<\/p>\n<p><strong>\u00a0<\/strong><\/p>\n<p><strong>Somos el Fog\u00f3n es su perfil en Instagram y El Fog\u00f3n de los Arrieros, en Facebook, por donde pueden contactarse por toda consulta, incluidas visitas de estudiantes guiadas. Tambi\u00e9n podr\u00e1n hacerlo a trav\u00e9s de su p\u00e1gina web, bajo su mismo nombre, o llegarse a Brown 350.<\/strong>[\/vc_column_text][vc_empty_space height=&#8221;60px&#8221;][vc_column_text]Fuente: <a href=\"https:\/\/www.chacodiapordia.com\/2022\/05\/03\/el-fogon-cumple-79-anos-y-se-proyecta-para-cobijar-la-tradicional-cena-de-apertura-con-escultores-de-la-bienal\/\" target=\"_blank\" rel=\"noopener\">https:\/\/www.chacodiapordia.com\/2022\/05\/03\/el-fogon-cumple-79-anos-y-se-proyecta-para-cobijar-la-tradicional-cena-de-apertura-con-escultores-de-la-bienal\/<\/a>[\/vc_column_text][vc_empty_space][\/vc_column][\/vc_row]\n","protected":false},"excerpt":{"rendered":"<p>&#8220;La acci\u00f3n m\u00e1s grande, la semilla que dej\u00f3 el Fog\u00f3n, el pensamiento de ese grupo iniciador fue que conociesen a Resistencia como Ciudad de las Esculturas\u201d, resalt\u00f3 Marcelo Gustin, vicepresidente de la Fundaci\u00f3n, en una charla en los estudios de CIUDAD TV. Habl\u00f3 de las&#8230;<\/p>\n","protected":false},"author":3,"featured_media":9007,"comment_status":"closed","ping_status":"closed","sticky":false,"template":"","format":"standard","meta":{"footnotes":""},"categories":[6],"tags":[],"class_list":["post-9006","post","type-post","status-publish","format-standard","has-post-thumbnail","hentry","category-novedades"],"_links":{"self":[{"href":"https:\/\/www.bienaldelchaco.org\/2024\/wp-json\/wp\/v2\/posts\/9006","targetHints":{"allow":["GET"]}}],"collection":[{"href":"https:\/\/www.bienaldelchaco.org\/2024\/wp-json\/wp\/v2\/posts"}],"about":[{"href":"https:\/\/www.bienaldelchaco.org\/2024\/wp-json\/wp\/v2\/types\/post"}],"author":[{"embeddable":true,"href":"https:\/\/www.bienaldelchaco.org\/2024\/wp-json\/wp\/v2\/users\/3"}],"replies":[{"embeddable":true,"href":"https:\/\/www.bienaldelchaco.org\/2024\/wp-json\/wp\/v2\/comments?post=9006"}],"version-history":[{"count":1,"href":"https:\/\/www.bienaldelchaco.org\/2024\/wp-json\/wp\/v2\/posts\/9006\/revisions"}],"predecessor-version":[{"id":9008,"href":"https:\/\/www.bienaldelchaco.org\/2024\/wp-json\/wp\/v2\/posts\/9006\/revisions\/9008"}],"wp:featuredmedia":[{"embeddable":true,"href":"https:\/\/www.bienaldelchaco.org\/2024\/wp-json\/wp\/v2\/media\/9007"}],"wp:attachment":[{"href":"https:\/\/www.bienaldelchaco.org\/2024\/wp-json\/wp\/v2\/media?parent=9006"}],"wp:term":[{"taxonomy":"category","embeddable":true,"href":"https:\/\/www.bienaldelchaco.org\/2024\/wp-json\/wp\/v2\/categories?post=9006"},{"taxonomy":"post_tag","embeddable":true,"href":"https:\/\/www.bienaldelchaco.org\/2024\/wp-json\/wp\/v2\/tags?post=9006"}],"curies":[{"name":"wp","href":"https:\/\/api.w.org\/{rel}","templated":true}]}}