{"id":9325,"date":"2022-05-30T16:18:18","date_gmt":"2022-05-30T19:18:18","guid":{"rendered":"https:\/\/www.bienaldelchaco.org\/2024\/?p=9325"},"modified":"2022-05-30T16:23:05","modified_gmt":"2022-05-30T19:23:05","slug":"bienal-internacional-de-escultura-una-fiesta-artistica-cultural-fraterna-y-unica","status":"publish","type":"post","link":"https:\/\/www.bienaldelchaco.org\/2024\/bienal-internacional-de-escultura-una-fiesta-artistica-cultural-fraterna-y-unica\/","title":{"rendered":"Bienal Internacional de Escultura: Una fiesta art\u00edstica, cultural, fraterna y \u00fanica"},"content":{"rendered":"<p>La XII Bienal Internacional de Escultura 2022 se realizar\u00e1 del s\u00e1bado 16 de julio al s\u00e1bado 23 de julio en el predio de 14 hect\u00e1reas del parque 2 de Febrero. Una manifestaci\u00f3n internacional de arte contempor\u00e1neo que re\u00fane artistas y pueblo en un mismo espacio, conectando de manera potente a la gente con el arte y la naturaleza. Una fiesta del arte, con identidad propia que la distingue de otras competencias escult\u00f3ricas del mundo.<\/p>\n<div class=\"td-module-meta-info\"><\/div>\n<p><!--more-->[vc_row css_animation=&#8221;&#8221; row_type=&#8221;row&#8221; use_row_as_full_screen_section=&#8221;no&#8221; type=&#8221;full_width&#8221; angled_section=&#8221;no&#8221; text_align=&#8221;left&#8221; background_image_as_pattern=&#8221;without_pattern&#8221;][vc_column][vc_column_text]Vuelve la Bienal Internacional de Escultura en este invierno chaque\u00f1o. Fiesta art\u00edstica, cultural y fraterna, producto del trabajo mancomunado\u00a0 del comit\u00e9 organizador -Fundaci\u00f3n Urunday y Gobierno de la provincia del Chaco-, con el acompa\u00f1amiento del municipio de Resistencia, instituciones, empresariado y la participaci\u00f3n masiva del pueblo chaque\u00f1o que la convierte en competencia art\u00edstica y fiesta popular, marca distintiva entre sus an\u00e1logos del planeta.<\/p>\n<p>De la edici\u00f3n 2022, participaran: de Albania, Genti Tavanxhiu; de Alemania, Verena Mayer-Tasch, de Argentina: Juan Pablo Marturano, de M\u00e9xico: David Bucio, de Corea del Sur, Sodong Choe; de Eslovenia, Arijel Strukelj ; de Georgia, Jhon Gogaberishvili; de Ruman\u00eda, Petre Virgiliu Mogosanu; de Turqu\u00eda, Ebru Akinci y de Ucrania, Ihor Tkachivskyi.<\/p>\n<p>Durante una semana intensa estos invitados de lujo trabajar\u00e1n a cielo abierto y a ojos del p\u00fablico. El material de la faena es el m\u00e1rmol travertino extra\u00eddo de las canteras de San Juan, de un importante tama\u00f1o: 1,50 x0,60 x 0,60.<\/p>\n<p>El jurado est\u00e1 integrado por: Le\u00f3n Saavedra Geuer de Bolivia, Francisco Gazitua de Chile y Todor Todorov de Bulgaria.<\/p>\n<p>&nbsp;<\/p>\n<p><img loading=\"lazy\" decoding=\"async\" class=\"alignleft size-full wp-image-9326\" src=\"https:\/\/www.bienaldelchaco.org\/2024\/wp-content\/uploads\/2022\/05\/6294ccc2cddb5741846827.png\" alt=\"\" width=\"1920\" height=\"1080\" srcset=\"https:\/\/www.bienaldelchaco.org\/2024\/wp-content\/uploads\/2022\/05\/6294ccc2cddb5741846827.png 1920w, https:\/\/www.bienaldelchaco.org\/2024\/wp-content\/uploads\/2022\/05\/6294ccc2cddb5741846827-300x169.png 300w, https:\/\/www.bienaldelchaco.org\/2024\/wp-content\/uploads\/2022\/05\/6294ccc2cddb5741846827-1024x576.png 1024w, https:\/\/www.bienaldelchaco.org\/2024\/wp-content\/uploads\/2022\/05\/6294ccc2cddb5741846827-768x432.png 768w, https:\/\/www.bienaldelchaco.org\/2024\/wp-content\/uploads\/2022\/05\/6294ccc2cddb5741846827-1536x864.png 1536w, https:\/\/www.bienaldelchaco.org\/2024\/wp-content\/uploads\/2022\/05\/6294ccc2cddb5741846827-700x394.png 700w, https:\/\/www.bienaldelchaco.org\/2024\/wp-content\/uploads\/2022\/05\/6294ccc2cddb5741846827-539x303.png 539w\" sizes=\"auto, (max-width: 1920px) 100vw, 1920px\" \/>De la edici\u00f3n 2022, participaran: de Albania, Genti Tavanxhiu; de Alemania, Verena Mayer-Tasch, de Argentina: Juan Pablo Marturano, de M\u00e9xico: David Bucio, de Corea del Sur, Sodong Choe; de Eslovenia, Arijel Strukelj ; de Georgia, Jhon Gogaberishvili; de Ruman\u00eda, Petre Virgiliu Mogosanu; de Turqu\u00eda, Ebru Akinci y de Ucrania, Ihor Tkachivskyi.<br \/>\n&nbsp;<br \/>\n&nbsp;<\/p>\n<h3>Una competencia art\u00edstica convertida en expresi\u00f3n cultural plural y diversa<\/h3>\n<p>\u201cAlrededor de la competencia internacional, con los a\u00f1os de experiencia y la voluntad de hacer del arte un bien de todos, se ha ensanchado la oferta cultural en otras manifestaciones escult\u00f3ricas, pero tambi\u00e9n acad\u00e9micas, de artes esc\u00e9nicas, de econom\u00eda cultural, de ocio y esparcimiento. Por eso se habla de una gran fiesta\u201d, aseguraron desde la organizaci\u00f3n.<\/p>\n<p>En esta edici\u00f3n se suman: el VIII Encuentro de Escultores Invitados, el VIII Concurso de Escultura para Estudiantes de Artes, el III Congreso Internacional de Artes, el II Seminario de Arte, Derecho, Patrimonio y Urbanismo, el I Congreso Internacional de Derecho del Arte, el IV Festival Filarm\u00f3nico Juvenil, el V Encuentro de Maestros Artesanos Argentinos, el VII Encuentro de Artesanos de Pueblos Originarios.<\/p>\n<p>La Bienal 2022 se complementa con otras actividades y expresiones: artes esc\u00e9nicas, artes combinadas, cursos, talleres y conferencias magistrales, muestras individuales y colectivas, feria de artesan\u00eda y dise\u00f1o, gastronom\u00eda regional . \u00a0Todas las actividades y propuestas son de acceso libre y gratuito.<\/p>\n<h3><img loading=\"lazy\" decoding=\"async\" class=\"alignleft size-full wp-image-9327\" src=\"https:\/\/www.bienaldelchaco.org\/2024\/wp-content\/uploads\/2022\/05\/6294ccc2cf8f4619533742-scaled.jpg\" alt=\"\" width=\"2560\" height=\"1700\" srcset=\"https:\/\/www.bienaldelchaco.org\/2024\/wp-content\/uploads\/2022\/05\/6294ccc2cf8f4619533742-scaled.jpg 2560w, https:\/\/www.bienaldelchaco.org\/2024\/wp-content\/uploads\/2022\/05\/6294ccc2cf8f4619533742-300x199.jpg 300w, https:\/\/www.bienaldelchaco.org\/2024\/wp-content\/uploads\/2022\/05\/6294ccc2cf8f4619533742-1024x680.jpg 1024w, https:\/\/www.bienaldelchaco.org\/2024\/wp-content\/uploads\/2022\/05\/6294ccc2cf8f4619533742-768x510.jpg 768w, https:\/\/www.bienaldelchaco.org\/2024\/wp-content\/uploads\/2022\/05\/6294ccc2cf8f4619533742-1536x1020.jpg 1536w, https:\/\/www.bienaldelchaco.org\/2024\/wp-content\/uploads\/2022\/05\/6294ccc2cf8f4619533742-2048x1360.jpg 2048w, https:\/\/www.bienaldelchaco.org\/2024\/wp-content\/uploads\/2022\/05\/6294ccc2cf8f4619533742-700x465.jpg 700w\" sizes=\"auto, (max-width: 2560px) 100vw, 2560px\" \/><\/h3>\n<p>&nbsp;<\/p>\n<h3>Obras que pasan ser patrimonio de la ciudad<\/h3>\n<p>De lugares tan lejanos y ex\u00f3ticos como Ruman\u00eda o Corea del Sur, o Turqu\u00eda, llegan los escultores seleccionados de entre 224 provenientes de 70 pa\u00edses.<\/p>\n<p>Se colige que los seleccionados por la Fundaci\u00f3n Urunday\u00a0 -que sostiene la antorcha del Ateneo del Chaco, el Fog\u00f3n de los Arrieros y Coproar- son figuras de renombre y fama, para que\u00a0 estas obras que pasan al patrimonio resistenciano se sumen al museo al aire libre como piezas valiosas.<\/p>\n<p>Pero tambi\u00e9n se producen esculturas realizadas por los siete artistas nacionales invitados que a diferencia de los internacionales, tienen libertad de elecci\u00f3n en t\u00e9cnicas y materiales. Ellos son: Norma Siguelboim; Juan Sorrentino ; Fabiana Larrea; Alejandro Arce; Monica Souza; Gerardo Suter y M\u00e1ximo Vargas G\u00f3mez<\/p>\n<h3><img loading=\"lazy\" decoding=\"async\" class=\"alignleft wp-image-9329 size-full\" src=\"https:\/\/www.bienaldelchaco.org\/2024\/wp-content\/uploads\/2022\/05\/6294ccc2d1417111021468-scaled.jpg\" alt=\"\" width=\"2560\" height=\"1700\" srcset=\"https:\/\/www.bienaldelchaco.org\/2024\/wp-content\/uploads\/2022\/05\/6294ccc2d1417111021468-scaled.jpg 2560w, https:\/\/www.bienaldelchaco.org\/2024\/wp-content\/uploads\/2022\/05\/6294ccc2d1417111021468-300x199.jpg 300w, https:\/\/www.bienaldelchaco.org\/2024\/wp-content\/uploads\/2022\/05\/6294ccc2d1417111021468-1024x680.jpg 1024w, https:\/\/www.bienaldelchaco.org\/2024\/wp-content\/uploads\/2022\/05\/6294ccc2d1417111021468-768x510.jpg 768w, https:\/\/www.bienaldelchaco.org\/2024\/wp-content\/uploads\/2022\/05\/6294ccc2d1417111021468-1536x1020.jpg 1536w, https:\/\/www.bienaldelchaco.org\/2024\/wp-content\/uploads\/2022\/05\/6294ccc2d1417111021468-2048x1360.jpg 2048w, https:\/\/www.bienaldelchaco.org\/2024\/wp-content\/uploads\/2022\/05\/6294ccc2d1417111021468-700x465.jpg 700w\" sizes=\"auto, (max-width: 2560px) 100vw, 2560px\" \/><\/h3>\n<p>&nbsp;<\/p>\n<h3>Bienal did\u00e1ctica y polo referente<\/h3>\n<p>Una de las extensiones m\u00e1s pr\u00f3digas de la Bienal del Chaco, es el Premio Desaf\u00edo \u201cHierros L\u00edder\u201d, un concurso que ya es un cl\u00e1sico de las bienales y que produce una gran expectativa en las academias y facultades de arte del pa\u00eds. Un verdadero desaf\u00edo que tiene por protagonistas a estudiantes avanzados de carreras de arte, con\u00a0 la consigna de realizar una escultura en el transcurso de 48 horas continuadas.<\/p>\n<p>El engranaje Desaf\u00edo funciona as\u00ed: con un promedio de participaci\u00f3n de 20 provincias argentinas, los equipos se conforman de 3 miembros, uno de los cuales, es capit\u00e1n. Trabajan una madera dura o semidura en un espacio a cielo abierto y bajo cualquier circunstancia clim\u00e1tica por el lapso de 48 horas corridas.<\/p>\n<p>La experiencia para estos j\u00f3venes estudiantes es abrumadora, no s\u00f3lo por el desaf\u00edo exhaustivo de trabajo sino porque son parte y viven a pleno una bienal internacional (muchos de ellos, en el futuro ser\u00e1n los artistas de su tiempo); coinciden, se vinculan\u00a0 y aprenden\u00a0 de esos grandes escultores del mundo que a metros en la arena de competici\u00f3n\u00a0 transforman el m\u00e1rmol en arte. Y con el plus de un p\u00fablico generoso que \u201cle hace el aguante\u201d en la dura competencia. Una experiencia, realmente superlativa.<\/p>\n<p>&nbsp;<\/p>\n<h3><img loading=\"lazy\" decoding=\"async\" class=\"alignleft size-full wp-image-9328\" src=\"https:\/\/www.bienaldelchaco.org\/2024\/wp-content\/uploads\/2022\/05\/6294ccc2d2f16096251037-scaled.jpg\" alt=\"\" width=\"2560\" height=\"1700\" srcset=\"https:\/\/www.bienaldelchaco.org\/2024\/wp-content\/uploads\/2022\/05\/6294ccc2d2f16096251037-scaled.jpg 2560w, https:\/\/www.bienaldelchaco.org\/2024\/wp-content\/uploads\/2022\/05\/6294ccc2d2f16096251037-300x199.jpg 300w, https:\/\/www.bienaldelchaco.org\/2024\/wp-content\/uploads\/2022\/05\/6294ccc2d2f16096251037-1024x680.jpg 1024w, https:\/\/www.bienaldelchaco.org\/2024\/wp-content\/uploads\/2022\/05\/6294ccc2d2f16096251037-768x510.jpg 768w, https:\/\/www.bienaldelchaco.org\/2024\/wp-content\/uploads\/2022\/05\/6294ccc2d2f16096251037-1536x1020.jpg 1536w, https:\/\/www.bienaldelchaco.org\/2024\/wp-content\/uploads\/2022\/05\/6294ccc2d2f16096251037-2048x1360.jpg 2048w, https:\/\/www.bienaldelchaco.org\/2024\/wp-content\/uploads\/2022\/05\/6294ccc2d2f16096251037-700x465.jpg 700w\" sizes=\"auto, (max-width: 2560px) 100vw, 2560px\" \/><\/h3>\n<p>&nbsp;<\/p>\n<h3>Fuente de saberes, intercambios y actividad acad\u00e9mica<\/h3>\n<p>La Bienal se transforma en una gran oportunidad para el esparcimiento y el disfrute que produce; \u00a0el \u00a0desandar de las familias, amigos, novixs, delegaciones de diversa \u00edndole, turistas nacionales e internacionales por la bienal durante esa semana de julio, puede tomar alas y convertirse en fuente de saberes.<\/p>\n<p>Otra de las apuestas fuertes de la Bienal, es profundizar en el amplio universo art\u00edstico. Y por eso actividades y propuestas desde la \u00a0Facultad de Artes, Dise\u00f1o y Ciencias de la Cultura de la Universidad Nacional del Nordeste, con el \u00a0III Congreso Internacional de Artes: un espacio de intercambio y discusi\u00f3n, aportando a la Bienal dimensi\u00f3n acad\u00e9mica y cient\u00edfica.<\/p>\n<p>El Congreso Internacional de Derecho del Arte, es una actividad acad\u00e9mica in\u00e9dita en el pa\u00eds promovido por el Poder Legislativo del Chaco y organizado en colaboraci\u00f3n por las Facultades de Derecho de la Universidad Nacional del Nordeste y la Universidad Nacional de Rosario.<\/p>\n<p>O el Seminario de Arte, Derecho, Patrimonio y Urbanismo, coordinado por el Centro de Estudios de la Fundaci\u00f3n Urunday, para comprender las relaciones entre la Filosof\u00eda, el Derecho, la Protecci\u00f3n Patrimonial y el Urbanismo, motivado por el fen\u00f3meno singular de las obras de arte ubicadas en el espacio p\u00fablico.<\/p>\n<p>No menos atractivos, son los ciclos de cursos, talleres y conferencias magistrales, que se desgranan durante todas la semana en el predio del parque 2 de Febrero, \u00a0pero \u00a0que tambi\u00e9n ocupan otros espacios de la ciudad.<\/p>\n<h3><img loading=\"lazy\" decoding=\"async\" class=\"alignleft size-full wp-image-9330\" src=\"https:\/\/www.bienaldelchaco.org\/2024\/wp-content\/uploads\/2022\/05\/6294ccc2d4bbf169237822-scaled.jpg\" alt=\"\" width=\"2560\" height=\"1700\" srcset=\"https:\/\/www.bienaldelchaco.org\/2024\/wp-content\/uploads\/2022\/05\/6294ccc2d4bbf169237822-scaled.jpg 2560w, https:\/\/www.bienaldelchaco.org\/2024\/wp-content\/uploads\/2022\/05\/6294ccc2d4bbf169237822-300x199.jpg 300w, https:\/\/www.bienaldelchaco.org\/2024\/wp-content\/uploads\/2022\/05\/6294ccc2d4bbf169237822-1024x680.jpg 1024w, https:\/\/www.bienaldelchaco.org\/2024\/wp-content\/uploads\/2022\/05\/6294ccc2d4bbf169237822-768x510.jpg 768w, https:\/\/www.bienaldelchaco.org\/2024\/wp-content\/uploads\/2022\/05\/6294ccc2d4bbf169237822-1536x1020.jpg 1536w, https:\/\/www.bienaldelchaco.org\/2024\/wp-content\/uploads\/2022\/05\/6294ccc2d4bbf169237822-2048x1360.jpg 2048w, https:\/\/www.bienaldelchaco.org\/2024\/wp-content\/uploads\/2022\/05\/6294ccc2d4bbf169237822-700x465.jpg 700w\" sizes=\"auto, (max-width: 2560px) 100vw, 2560px\" \/><\/h3>\n<p>&nbsp;<\/p>\n<h3>Arte, arte, arte<\/h3>\n<p>La grilla art\u00edstica se completa con dos muestras tradicionales : \u201cExpresiones escult\u00f3ricas chaque\u00f1as\u201d de la Asociaci\u00f3n de Escultores Chaque\u00f1os y la exposici\u00f3n &#8220;Escultores del mundo&#8221; con obras en peque\u00f1o formato de los artistas que compiten en la Bienal.<\/p>\n<p>Un espacio que a lo largo de las bienales adquiere biselado, es el nicho de las artes combinadas, generando un acercamiento a nuevos conceptos y est\u00e9ticas del arte contempor\u00e1neo, atravesado por la tecnolog\u00eda.<\/p>\n<p>Las nuevas tecnolog\u00edas recrean y redefinen los g\u00e9neros y lenguajes art\u00edsticos. En ese marco, se mostrar\u00e1n producciones de diversos artistas locales e internacionales, docentes y alumnos, en donde se fusionan transversalmente, diferentes disciplinas tradicionales.<\/p>\n<p>&nbsp;<\/p>\n<h3>La m\u00fasica, musa imprescindible<\/h3>\n<p>Organizado por la Fundaci\u00f3n Pradier &#8211; Redes Culturales y con el apoyo de las Embajadas de Alemania, Espa\u00f1a y Estados Unidos, tiene lugar en la Bienal 2022 el 4\u00ba Festival Filarm\u00f3nico Juvenil. Esta iniciativa propone \u201cLa experiencia del arte y la m\u00fasica entre todos\u201d.\u00a0 Una semana de formaci\u00f3n intensiva para m\u00fasicos y broche de ciclo de conciertos p\u00fablicos.<\/p>\n<p>Participan 120 j\u00f3venes en un campamento a orillas del r\u00edo Negro, junto a destacados m\u00fasicos y profesores de Argentina, Espa\u00f1a, Estados Unidos, Austria\u00a0 y Alemania. Tal como el premio Desaf\u00edo, esta es otra experiencia superlativa para los j\u00f3venes que aman la m\u00fasica.<\/p>\n<p><img loading=\"lazy\" decoding=\"async\" class=\"alignleft size-full wp-image-9331\" src=\"https:\/\/www.bienaldelchaco.org\/2024\/wp-content\/uploads\/2022\/05\/6294ccc2d66ed534389230-scaled.jpg\" alt=\"\" width=\"2560\" height=\"1700\" srcset=\"https:\/\/www.bienaldelchaco.org\/2024\/wp-content\/uploads\/2022\/05\/6294ccc2d66ed534389230-scaled.jpg 2560w, https:\/\/www.bienaldelchaco.org\/2024\/wp-content\/uploads\/2022\/05\/6294ccc2d66ed534389230-300x199.jpg 300w, https:\/\/www.bienaldelchaco.org\/2024\/wp-content\/uploads\/2022\/05\/6294ccc2d66ed534389230-1024x680.jpg 1024w, https:\/\/www.bienaldelchaco.org\/2024\/wp-content\/uploads\/2022\/05\/6294ccc2d66ed534389230-768x510.jpg 768w, https:\/\/www.bienaldelchaco.org\/2024\/wp-content\/uploads\/2022\/05\/6294ccc2d66ed534389230-1536x1020.jpg 1536w, https:\/\/www.bienaldelchaco.org\/2024\/wp-content\/uploads\/2022\/05\/6294ccc2d66ed534389230-2048x1360.jpg 2048w, https:\/\/www.bienaldelchaco.org\/2024\/wp-content\/uploads\/2022\/05\/6294ccc2d66ed534389230-700x465.jpg 700w\" sizes=\"auto, (max-width: 2560px) 100vw, 2560px\" \/>Las artes esc\u00e9nicas es otro plato fuerte de la bienal chaque\u00f1a y para ello se han dise\u00f1ado cinco escenarios en el predio. El teatro, la m\u00fasica y la danza tienen en todas las jornadas presencia generosa. Algunas de las estrellas son el Ballet Ferrazano, la compa\u00f1\u00eda Duartango, La Fundaci\u00f3n Cultural Galatea,\u00a0 la obra \u201cSomos Chac\u00fa\u201d compuesta por el\u00a0 Ballet Contempor\u00e1neo del Chaco\u00a0 y el\u00a0 Coro Chelaalapi, Anacrusa con Jos\u00e9 Luis Casti\u00f1eira de Dios y Nahuel Pennisi.<\/p>\n<p>Rengl\u00f3n aparte amerita mencionarse la Novena Sinfon\u00eda de Beethoven, una ambiciosa y esperada producci\u00f3n\u00a0 de la Orquesta Sinf\u00f3nica Del Chaco Y El Coro Polif\u00f3nico De Resistencia.<\/p>\n<p><strong>\u00a0<\/strong><\/p>\n<h3>Pinta tu aldea: Encuentro de Maestros Artesanos y Feria Gastron\u00f3mica<\/h3>\n<p>El compromiso de la Bienal con la reafirmaci\u00f3n de la identidad cultural y la protecci\u00f3n de nuestros valores y saberes se materializa, una vez m\u00e1s, en el 5\u00ba Encuentro de Maestros Artesanos Argentinos y el\u00a0 7\u00ba Encuentro de Artesanos de Pueblos Originarios.<\/p>\n<p>Participan m\u00e1s de 50 Maestros Artesanos de Argentina e invitados especiales de distintos pa\u00edses, teniendo el privilegio nuestra provincia de tener renombrados y premiados maestros artesanos de pueblos originarios.<\/p>\n<p>En esta vertiente se acopla la participaci\u00f3n de una Feria de Dise\u00f1o, Gastronom\u00eda Regional y una Expo Industria y Comercio, que re\u00fane a m\u00e1s de 400 expositores.<\/p>\n<p>La Bienal est\u00e1 catalogada entre las tres mejores bienales del mundo bajo su caracter\u00edstica de competencia a cielo abierto, pero adem\u00e1s, \u00fanica en su concepci\u00f3n virtuosa ya que las esculturas realizadas por afamados artistas del mundo tienen por destino el espacio p\u00fablico de la ciudad.<\/p>\n<p>Lo que significa que esta bienal alimenta el acervo escult\u00f3rico de la proclamada capital nacional de las esculturas, con 650 piezas en sus veredas y parques (de las cuales m\u00e1s de 500 son productos de los concursos de esculturas y bienales). Y con obras valiosas y de calidad.<\/p>\n<p>\u201cEn apenas 34 a\u00f1os, Resistencia ha internalizado \u2013y expuesto- su amor al arte, ha consolidado una identidad esposada al ciudadano que tiene hacia la escultura una valoraci\u00f3n, un gran respeto,.. una debilidad\u201d, se\u00f1alan desde la organizaci\u00f3n.<br \/>\n&nbsp;&nbsp;<\/p>\n<h3>El legado de Fabriciano<\/h3>\n<p>\u201cNo se puede soslayar que la muerte del alma mater de este concurso, Fabriciano, el de brillante genio , caus\u00f3 un temblor de angustias\u201d, manifestaron desde el ente organizador.<\/p>\n<p>\u201c\u00c9l trajo la ocurrencia de replicar lo que ve\u00eda por el mundo cuando iba a competir a los concursos internacionales. Si contextualizamos, hace tres d\u00e9cadas y media, la idea de ver durante una semana a escultores trabajar al aire libre con sus tronantes m\u00e1quinas y empapando de aserr\u00edn al curioso, era un poco disparatada y riesgosa\u201d.<\/p>\n<p>Fabriciano, con su fe, su poder de persuasi\u00f3n, su \u00e9tica intachable, su inteligencia aplicada, su tes\u00f3n trabajador por la ciudad que tanto amaba, fue el que so\u00f1\u00f3 esta bienal que ya no necesita adjetivaciones.<\/p>\n<p>Es una bienal reconocida y respetada por las instituciones y los escultores del mundo, con un tr\u00e1nsito de 600 mil visitas durante la semana (en la \u00faltima edici\u00f3n 2018), que genera una arrolladora industria cultural.<\/p>\n<p>La cronolog\u00eda nos recuerda que en el 2020 por la pandemia del covid por primera vez se suspendi\u00f3 la Bienal. Y en 2021 muri\u00f3 Fabriciano G\u00f3mez. Por eso se escucha decir, con tino: \u201cEs la bienal de Fabriciano y sin Fabriciano\u201d, as\u00ed como otras voces completan: \u201cLa Bienal es su legado\u201d.[\/vc_column_text][vc_empty_space][vc_column_text]Fuente: <a href=\"https:\/\/agenciafoco.com.ar\/detalle_noticia\/bienal-internacional-de-escultura-una-fiesta-artistica-cultural-fraterna-y-unica\" target=\"_blank\" rel=\"noopener\">https:\/\/agenciafoco.com.ar\/detalle_noticia\/bienal-internacional-de-escultura-una-fiesta-artistica-cultural-fraterna-y-unica<\/a><\/p>\n<p><a href=\"https:\/\/www.chacodiapordia.com\/2022\/05\/30\/bienal-internacional-de-escultura-fiesta-artistica-cultural-y-fraterna\/\" target=\"_blank\" rel=\"noopener\">https:\/\/www.chacodiapordia.com\/2022\/05\/30\/bienal-internacional-de-escultura-fiesta-artistica-cultural-y-fraterna\/<\/a>[\/vc_column_text][vc_empty_space][\/vc_column][\/vc_row]\n","protected":false},"excerpt":{"rendered":"<p>La XII Bienal Internacional de Escultura 2022 se realizar\u00e1 del s\u00e1bado 16 de julio al s\u00e1bado 23 de julio en el predio de 14 hect\u00e1reas del parque 2 de Febrero. Una manifestaci\u00f3n internacional de arte contempor\u00e1neo que re\u00fane artistas y pueblo en un mismo espacio,&#8230;<\/p>\n","protected":false},"author":3,"featured_media":9332,"comment_status":"closed","ping_status":"closed","sticky":false,"template":"","format":"standard","meta":{"footnotes":""},"categories":[6],"tags":[],"class_list":["post-9325","post","type-post","status-publish","format-standard","has-post-thumbnail","hentry","category-novedades"],"_links":{"self":[{"href":"https:\/\/www.bienaldelchaco.org\/2024\/wp-json\/wp\/v2\/posts\/9325","targetHints":{"allow":["GET"]}}],"collection":[{"href":"https:\/\/www.bienaldelchaco.org\/2024\/wp-json\/wp\/v2\/posts"}],"about":[{"href":"https:\/\/www.bienaldelchaco.org\/2024\/wp-json\/wp\/v2\/types\/post"}],"author":[{"embeddable":true,"href":"https:\/\/www.bienaldelchaco.org\/2024\/wp-json\/wp\/v2\/users\/3"}],"replies":[{"embeddable":true,"href":"https:\/\/www.bienaldelchaco.org\/2024\/wp-json\/wp\/v2\/comments?post=9325"}],"version-history":[{"count":5,"href":"https:\/\/www.bienaldelchaco.org\/2024\/wp-json\/wp\/v2\/posts\/9325\/revisions"}],"predecessor-version":[{"id":9337,"href":"https:\/\/www.bienaldelchaco.org\/2024\/wp-json\/wp\/v2\/posts\/9325\/revisions\/9337"}],"wp:featuredmedia":[{"embeddable":true,"href":"https:\/\/www.bienaldelchaco.org\/2024\/wp-json\/wp\/v2\/media\/9332"}],"wp:attachment":[{"href":"https:\/\/www.bienaldelchaco.org\/2024\/wp-json\/wp\/v2\/media?parent=9325"}],"wp:term":[{"taxonomy":"category","embeddable":true,"href":"https:\/\/www.bienaldelchaco.org\/2024\/wp-json\/wp\/v2\/categories?post=9325"},{"taxonomy":"post_tag","embeddable":true,"href":"https:\/\/www.bienaldelchaco.org\/2024\/wp-json\/wp\/v2\/tags?post=9325"}],"curies":[{"name":"wp","href":"https:\/\/api.w.org\/{rel}","templated":true}]}}