{"id":9454,"date":"2022-06-03T11:19:20","date_gmt":"2022-06-03T14:19:20","guid":{"rendered":"https:\/\/www.bienaldelchaco.org\/2024\/?p=9454"},"modified":"2022-06-03T11:21:27","modified_gmt":"2022-06-03T14:21:27","slug":"se-emplazo-la-escultura-n-653-fuerza-interior-frente-al-stj","status":"publish","type":"post","link":"https:\/\/www.bienaldelchaco.org\/2024\/se-emplazo-la-escultura-n-653-fuerza-interior-frente-al-stj\/","title":{"rendered":"Se emplazo la escultura n\u00b0 653, \u201cFuerza Interior&#8221; frente al STJ"},"content":{"rendered":"<p>La escultura &#8220;Fuerza Interior&#8221; del artista Miguel \u00c1ngel Acosta ya forma parte del patrimonio cultural de la ciudad.<\/p>\n<div class=\"td-module-meta-info\"><\/div>\n<p><!--more-->[vc_row css_animation=&#8221;&#8221; row_type=&#8221;row&#8221; use_row_as_full_screen_section=&#8221;no&#8221; type=&#8221;full_width&#8221; angled_section=&#8221;no&#8221; text_align=&#8221;left&#8221; background_image_as_pattern=&#8221;without_pattern&#8221;][vc_column][vc_column_text]El emplazamiento se realiz\u00f3 en la calle L\u00f3pez y Planes 215, frente a la sede del Superior Tribunal de Justicia.<\/p>\n<p>&nbsp;<\/p>\n<p><strong>\u00bfC\u00f3mo llega a esta obra aqu\u00ed?<\/strong><\/p>\n<p>Es una historia bastante particular, destaca Josese Eidman, pte. de la fundaci\u00f3n urunday. Porque estaba a pr\u00e9stamo en un local privado y el escultor que es de la familia judicial, decidi\u00f3 d\u00e1rsela al Superior Tribunal de Justicia para que el Superior Tribunal de Justicia a su vez, se la done a la Comunidad de Resistencia estamos muy agradecidos al Superior Tribunal por haber sumado al patrimonio escult\u00f3rico de todos chaque\u00f1os, una obra tan valiosa como esta.<\/p>\n<p>Por su parte La Presidente del Superior Tribunal de Justicia de la Provincia del Chaco Emilia Mar\u00eda Valle indico,\u201d Para nosotros realmente ha sido una emoci\u00f3n muy grande recibir esta donaci\u00f3n de parte del artista Miguel \u00c1ngel Acosta. Esta obra que, conforme dec\u00eda el presidente de la fundaci\u00f3n urunday, es la n\u00famero 653. Es un acto sencillo, pero muy emotivo y muy significativo. Todo lo que representa la donaci\u00f3n de esta obra que engalana el frente de nuestro edificio.<\/p>\n<p>Al ser consultado por el nombre y significado de la obra el artista manifest\u00f3;\u201d Es una obra que tiene un significado muy profundo, fuerza interior. Creo que la fuerza interior que necesitamos todos los seres humanos para sobrellevar alg\u00fan momento dif\u00edcil\u201d, concluyo Miguel \u00c1ngel Acosta.<\/p>\n<p>Desde el Primer Concurso de Escultura en Madera en la Plaza Central, en 1988, hasta las Bienales internacionales en la actualidad, El Gobierno de la Provincia del Chaco y la Fundaci\u00f3n Urunday trabajan incansablemente para hacer de cada Bienal una verdadera celebraci\u00f3n de la identidad de los chaque\u00f1os, transformando a los concursos de escultura proveedores inagotables de un patrimonio cada vez mayor.[\/vc_column_text][vc_empty_space][vc_gallery interval=&#8221;3&#8243; images=&#8221;9455,9456&#8243; img_size=&#8221;600&#215;800&#8243; onclick=&#8221;&#8221;][vc_empty_space][vc_video link=&#8221;https:\/\/youtu.be\/0e5NsOVGZCQ&#8221; align=&#8221;center&#8221;][vc_empty_space][\/vc_column][\/vc_row]\n","protected":false},"excerpt":{"rendered":"<p>La escultura &#8220;Fuerza Interior&#8221; del artista Miguel \u00c1ngel Acosta ya forma parte del patrimonio cultural de la ciudad.<\/p>\n","protected":false},"author":3,"featured_media":9457,"comment_status":"closed","ping_status":"closed","sticky":false,"template":"","format":"standard","meta":{"footnotes":""},"categories":[6],"tags":[],"class_list":["post-9454","post","type-post","status-publish","format-standard","has-post-thumbnail","hentry","category-novedades"],"_links":{"self":[{"href":"https:\/\/www.bienaldelchaco.org\/2024\/wp-json\/wp\/v2\/posts\/9454","targetHints":{"allow":["GET"]}}],"collection":[{"href":"https:\/\/www.bienaldelchaco.org\/2024\/wp-json\/wp\/v2\/posts"}],"about":[{"href":"https:\/\/www.bienaldelchaco.org\/2024\/wp-json\/wp\/v2\/types\/post"}],"author":[{"embeddable":true,"href":"https:\/\/www.bienaldelchaco.org\/2024\/wp-json\/wp\/v2\/users\/3"}],"replies":[{"embeddable":true,"href":"https:\/\/www.bienaldelchaco.org\/2024\/wp-json\/wp\/v2\/comments?post=9454"}],"version-history":[{"count":4,"href":"https:\/\/www.bienaldelchaco.org\/2024\/wp-json\/wp\/v2\/posts\/9454\/revisions"}],"predecessor-version":[{"id":9461,"href":"https:\/\/www.bienaldelchaco.org\/2024\/wp-json\/wp\/v2\/posts\/9454\/revisions\/9461"}],"wp:featuredmedia":[{"embeddable":true,"href":"https:\/\/www.bienaldelchaco.org\/2024\/wp-json\/wp\/v2\/media\/9457"}],"wp:attachment":[{"href":"https:\/\/www.bienaldelchaco.org\/2024\/wp-json\/wp\/v2\/media?parent=9454"}],"wp:term":[{"taxonomy":"category","embeddable":true,"href":"https:\/\/www.bienaldelchaco.org\/2024\/wp-json\/wp\/v2\/categories?post=9454"},{"taxonomy":"post_tag","embeddable":true,"href":"https:\/\/www.bienaldelchaco.org\/2024\/wp-json\/wp\/v2\/tags?post=9454"}],"curies":[{"name":"wp","href":"https:\/\/api.w.org\/{rel}","templated":true}]}}