{"id":9497,"date":"2022-06-08T17:53:15","date_gmt":"2022-06-08T20:53:15","guid":{"rendered":"https:\/\/www.bienaldelchaco.org\/2024\/?p=9497"},"modified":"2022-06-13T11:18:32","modified_gmt":"2022-06-13T14:18:32","slug":"sobre-lo-extinguible-escultura-efimera-durante-la-bienal-2022","status":"publish","type":"post","link":"https:\/\/www.bienaldelchaco.org\/2024\/sobre-lo-extinguible-escultura-efimera-durante-la-bienal-2022\/","title":{"rendered":"Sobre lo extinguible. Escultura ef\u00edmera durante la Bienal 2022."},"content":{"rendered":"<p>Dentro de la variada oferta de la Bienal de Escultura que se desarrollar\u00e1 desde el 16 al 23 de julio, se suma la (esperada) participaci\u00f3n de Alejandro Arce.<\/p>\n<div class=\"td-module-meta-info\"><\/div>\n<p><!--more-->[vc_row css_animation=&#8221;&#8221; row_type=&#8221;row&#8221; use_row_as_full_screen_section=&#8221;no&#8221; type=&#8221;full_width&#8221; angled_section=&#8221;no&#8221; text_align=&#8221;left&#8221; background_image_as_pattern=&#8221;without_pattern&#8221;][vc_column][vc_column_text]Y decimos \u201cesperada\u201d porque Arce ha cautivado a los chaque\u00f1os no s\u00f3lo por su particular arte ef\u00edmero \u2013escultura en arena- sino que atrae desde otras facetas, como sus clases de Tai Chi Chuan, abiertas a los que quieran participar, horas antes de iniciar cada jornada de la Bienal.<\/p>\n<p>Es de esos tipos serios, parcos, adustos, pero solo basta acerc\u00e1rsele para conocer su coraz\u00f3n de perro, sus ideas de la vida, que van por caminos algo menos convencionales y con mucha aura espiritual.<\/p>\n<p>Podemos sumar de su curr\u00edculum que Arce es coordinador y docente del \u00e1rea de Artes e Inclusi\u00f3n Social Cr\u00edtica de Artes de la Universidad Nacional de las Artes Argentina.<\/p>\n<p>\u201cEs un gusto, un placer. El Chaco es para m\u00ed ya muy familiar. Yo me siento muy c\u00f3modo all\u00ed, me siento parte del Chaco siempre y es un placer poder volver\u201d, nos comenta Alejandro en di\u00e1logo. La tem\u00e1tica va a bregar sobre los animales en peligro de extinci\u00f3n, una militancia del artista. \u201cAfortunadamente voy a hacer, como siempre, animales en peligro de extinci\u00f3n. Este a\u00f1o vamos a ir muy, muy al norte de la Argentina, donde hay un animal en riesgo, que es el oso puntiagudo. Y bueno, vamos a representar el oso con una familia que significa volver al Chaco y a la Bienal\u201d.<\/p>\n<p>Nacido en Bariloche en el a\u00f1o 1965, Alejandro reside en Buenos Aires. Particip\u00f3 en diferentes eventos locales como internacionales: \u201cFestival Internacional de Escultura en Arena de Portugal (FIESA)\u201d, \u201cBienal Internacional de Esculturas del Chaco\u201d, \u201cDistrito de las Artes, barrio de La Boca\u201d, \u201cCentro Cultural Recoleta\u201d, \u201cMuseo de Artes Pl\u00e1sticas Eduardo S\u00edvori\u201d, \u201cMuseo de la Patagonia\u201d, \u201cCircuito del Arte en Mar del Plata\u201d, \u201cInternational Triennal of Graphics Art Btiola, Republic of Macedonia\u201d, \u201cLand Art, Eros-Suiza\u201d, entre otros.<\/p>\n<p>El artista nos sigue seduciendo con su propuesta: \u201cNos es imposible disociar al arte en relaci\u00f3n a la comunidad y a las consecuencias que ella suscita en el medio ambiente. Pensar al arte fuera de los acuerdos naturales o medioambientales es tambi\u00e9n alejarse, de alguna manera, del di\u00e1logo constante en el que est\u00e1n\u201d.<\/p>\n<p>Es entonces coherente y referencial la materia prima que Alejandro Arce eligi\u00f3 para su artificio: la arena, ese polvo compuesto por una combinaci\u00f3n de varios elementos met\u00e1licos con uno de los componentes m\u00e1s comunes de la corteza terrestre: el ox\u00edgeno.<\/p>\n<p>El artista visual y animador tambi\u00e9n dar\u00e1 en el marco de la Bienal dos talleres, tanto para docentes como para los ni\u00f1os que quiera participar.<\/p>\n<p>Valga la aclaraci\u00f3n: Los aut\u00f3matas son figuras humanas o animales que se accionan gracias a un mecanismo interior y simulan movimientos. Al decir de la Doctora en Historia del Arte Gloria Mart\u00ednez Leiva, \u201cLos aut\u00f3matas son un punto de encuentro entre dos mundos, el de la ciencia y el del juego, aparentemente tan separados. Pueden ser entendido casi como una met\u00e1fora de la sensibilidad de una \u00e9poca y como objetos-testigo del cambio de mentalidad acerca del hombre, la ciencia, la naturaleza y la relaci\u00f3n entre ellos\u201d. En otras palabras, podr\u00eda sintetizarse:\u201d sistemas generativos en el cruce del arte y la tecnolog\u00eda\u201d.<\/p>\n<p>Comenta Arce: \u201cDurante la Bienal, voy a estar dando unos talleres hermosos con aut\u00f3matas, as\u00ed que van a ser jornadas de trabajo muy hermosas. Se realizar\u00e1n aut\u00f3matas con broches, va a ser muy divertido, van a poder visitarme, participar del taller y llevarse un aut\u00f3mata para poder compartirlo con quien quieran.<\/p>\n<p>Si a\u00fan no se ha echado claridad, invitamos a ver algunos de sus aut\u00f3nomas:<\/p>\n<p><a href=\"https:\/\/www.facebook.com\/alejandroarceargentina\/videos\/haciendo-un-aut%C3%B3mata-de-papel-y-cart%C3%B3n\/704345323850444\/\" target=\"_blank\" rel=\"noopener\">https:\/\/www.facebook.com\/alejandroarceargentina\/videos\/haciendo-un-aut%C3%B3mata-de-papel-y-cart%C3%B3n\/704345323850444\/<\/a><\/p>\n<p><a href=\"https:\/\/www.youtube.com\/watch?v=ZRwWMWgPxXw\" target=\"_blank\" rel=\"noopener\">https:\/\/www.youtube.com\/watch?v=ZRwWMWgPxXw<\/a><\/p>\n<p>&nbsp;<\/p>\n<p>La presencia de Alejandro Arce, es uno m\u00e1s de los gestos art\u00edsticos llenos de significado que se van a dar dentro de nuestra Bienal, unir otra vez la narrativa infinita del arte con la comunidad y hacer de ese di\u00e1logo un solo fin: un bien de todos.<\/p>\n<p>Bienvenido Alejandro a la Bienal 2022![\/vc_column_text][vc_empty_space][vc_gallery interval=&#8221;3&#8243; images=&#8221;9498,9499,9500,9501&#8243; img_size=&#8221;full&#8221; onclick=&#8221;&#8221;][vc_empty_space][vc_video link=&#8221;https:\/\/youtu.be\/AP-aSCO9r08 &#8221; align=&#8221;center&#8221;][vc_empty_space][\/vc_column][\/vc_row]\n","protected":false},"excerpt":{"rendered":"<p>Dentro de la variada oferta de la Bienal de Escultura que se desarrollar\u00e1 desde el 16 al 23 de julio, se suma la (esperada) participaci\u00f3n de Alejandro Arce.<\/p>\n","protected":false},"author":3,"featured_media":9501,"comment_status":"closed","ping_status":"closed","sticky":false,"template":"","format":"standard","meta":{"footnotes":""},"categories":[6],"tags":[],"class_list":["post-9497","post","type-post","status-publish","format-standard","has-post-thumbnail","hentry","category-novedades"],"_links":{"self":[{"href":"https:\/\/www.bienaldelchaco.org\/2024\/wp-json\/wp\/v2\/posts\/9497","targetHints":{"allow":["GET"]}}],"collection":[{"href":"https:\/\/www.bienaldelchaco.org\/2024\/wp-json\/wp\/v2\/posts"}],"about":[{"href":"https:\/\/www.bienaldelchaco.org\/2024\/wp-json\/wp\/v2\/types\/post"}],"author":[{"embeddable":true,"href":"https:\/\/www.bienaldelchaco.org\/2024\/wp-json\/wp\/v2\/users\/3"}],"replies":[{"embeddable":true,"href":"https:\/\/www.bienaldelchaco.org\/2024\/wp-json\/wp\/v2\/comments?post=9497"}],"version-history":[{"count":4,"href":"https:\/\/www.bienaldelchaco.org\/2024\/wp-json\/wp\/v2\/posts\/9497\/revisions"}],"predecessor-version":[{"id":9519,"href":"https:\/\/www.bienaldelchaco.org\/2024\/wp-json\/wp\/v2\/posts\/9497\/revisions\/9519"}],"wp:featuredmedia":[{"embeddable":true,"href":"https:\/\/www.bienaldelchaco.org\/2024\/wp-json\/wp\/v2\/media\/9501"}],"wp:attachment":[{"href":"https:\/\/www.bienaldelchaco.org\/2024\/wp-json\/wp\/v2\/media?parent=9497"}],"wp:term":[{"taxonomy":"category","embeddable":true,"href":"https:\/\/www.bienaldelchaco.org\/2024\/wp-json\/wp\/v2\/categories?post=9497"},{"taxonomy":"post_tag","embeddable":true,"href":"https:\/\/www.bienaldelchaco.org\/2024\/wp-json\/wp\/v2\/tags?post=9497"}],"curies":[{"name":"wp","href":"https:\/\/api.w.org\/{rel}","templated":true}]}}