{"id":9511,"date":"2022-06-10T19:02:08","date_gmt":"2022-06-10T22:02:08","guid":{"rendered":"https:\/\/www.bienaldelchaco.org\/2024\/?p=9511"},"modified":"2022-06-10T19:04:12","modified_gmt":"2022-06-10T22:04:12","slug":"se-presento-el-8o-encuentro-de-escultores-de-el-impenetrable-bajo-el-lema-eternidad","status":"publish","type":"post","link":"https:\/\/www.bienaldelchaco.org\/2024\/se-presento-el-8o-encuentro-de-escultores-de-el-impenetrable-bajo-el-lema-eternidad\/","title":{"rendered":"Se present\u00f3 el 8\u00ba. Encuentro de Escultores de El Impenetrable bajo el lema \u201cEternidad\u201d"},"content":{"rendered":"<p class=\"principal\">El encuentro, que se desarrollar\u00e1 del 26 al 31 de julio en la Plaza de la Juventud de Castelli, congregar\u00e1 a 10 escultores internacionales. Habr\u00e1 actividades art\u00edsticas y culturales, ferias gastron\u00f3micas y artesanales.<\/p>\n<div class=\"td-module-meta-info\"><\/div>\n<p><!--more-->[vc_row css_animation=&#8221;&#8221; row_type=&#8221;row&#8221; use_row_as_full_screen_section=&#8221;no&#8221; type=&#8221;full_width&#8221; angled_section=&#8221;no&#8221; text_align=&#8221;left&#8221; background_image_as_pattern=&#8221;without_pattern&#8221;][vc_column][vc_column_text]La vicegobernadora Anal\u00eda Rach Quiroga encabez\u00f3, este jueves junto al intendente Pio Sander, la presentaci\u00f3n de la octava edici\u00f3n del Encuentro de Escultores de El Impenetrable que se realizar\u00e1 del 26 al 31 de julio, en la Plaza de la Juventud de Juan Jos\u00e9 Castelli. Bajo el lema \u201cEternidad\u201d, el encuentro congregar\u00e1 a 10 escultores de distintas partes del mundo que trabajar\u00e1n sus obras a cielo abierto durante seis d\u00edas. Adem\u00e1s habr\u00e1 actividades art\u00edsticas y culturales, ferias de productos locales, gastronom\u00eda y artesan\u00edas, entre otras atracciones.<\/p>\n<p>El evento, organizado por la Fundaci\u00f3n Amigos del arte, con el apoyo de Fundaci\u00f3n Urunday, el Gobierno del Chaco, a trav\u00e9s de los institutos de Turismo y de Cultura, y la Municipalidad de Castelli, volver\u00e1 luego de dos a\u00f1os de pausa a causa de la pandemia por el coronavirus. Participaron tambi\u00e9n de la presentaci\u00f3n la presidenta del Concejo municipal Soledad Rach, el presidente de la Fundaci\u00f3n Amigos del Arte y el Turismo Rene Bertolucci y el presidente de la Fundaci\u00f3n Urunday Jos\u00e9 Eidman y Mimo Eidman.<\/p>\n<p>La mandataria remarc\u00f3 la importancia del evento cultural para toda la regi\u00f3n y el esfuerzo colectivo que lo hace posible, tanto de la comisi\u00f3n organizadora como de comerciantes y empresarios. \u201cProvincia, municipio, fundaciones y la comunidad poniendo en valor al arte como un derecho de todas y todos que el Estado tiene el deber de garantizar, por eso es un orgullo generar la posibilidad para que Castelli se convierta en un museo a cielo abierto, como ya lo es Resistencia\u201d, se\u00f1al\u00f3.<\/p>\n<p>En la oportunidad Rach Quiroga record\u00f3 al escultor y gestor cultural Fabriciano G\u00f3mez, impulsor de estos encuentros cuyo trabajo permiti\u00f3 que el arte chaque\u00f1o se posicione en el pa\u00eds y el mundo. \u201cHoy nos volvemos a encontrar con una ausencia enorme, de nuestro querido Fabriciano, pero tambi\u00e9n con la responsabilidad de continuar su legado\u201d, expres\u00f3 y ratific\u00f3 el compromiso del gobierno de lograr que la Bienal de Esculturas del Chaco sea considerada Patrimonio Hist\u00f3rico y Cultural de la Humanidad.<\/p>\n<p>El intendente Pio Sander asegur\u00f3 que este nuevo Encuentro de Escultores fortalece la uni\u00f3n de los pueblos de la regi\u00f3n. \u201cEs una fiesta del arte que nos da la oportunidad de mostrar nuestra fortaleza cultural y tradicional\u201d, sostuvo.<\/p>\n<p>&nbsp;<\/p>\n<p><strong>Un encuentro internacional<\/strong><\/p>\n<p>Las y los escultores, que trabajar\u00e1n sobre m\u00e1rmol, acero y madera de palo santo, fueron seleccionados entre 224 candidatos de 70 pa\u00edses. Las y los seleccionados provienen de Albania, Alemania, Argentina, Corea del Sur, Eslovenia, Georgia, M\u00e9xico, Rumania, Turqu\u00eda, Ucrania; adem\u00e1s de escultores regionales de Villa Rio Bermejito y Miraflores.<\/p>\n<p>Las obras se destinar\u00e1n al espacio p\u00fablico de la ciudad sum\u00e1ndose a las resultantes de las ediciones anteriores y enriqueciendo el patrimonio art\u00edstico de todas los habitantes de Juan Jos\u00e9 Castelli.<\/p>\n<p>Tambi\u00e9n se desarrollar\u00e1 el Concurso del Pan Castellense, la Muestra y degustaci\u00f3n de Comidas t\u00edpicas regionales, exposici\u00f3n y venta de artesan\u00edas y comidas regionales y una feria franca. Tambi\u00e9n habr\u00e1 talleres para ni\u00f1as, ni\u00f1os y adultos, la biblioteca Ambulatoria &#8220;La Andariega\u201d, city tour por atractivos de la ciudad y alrededores, y diversos espect\u00e1culos art\u00edsticos .<\/p>\n<p>&nbsp;<\/p>\n<p><strong>El legado de Fabriciano<\/strong><\/p>\n<p>El presidente de la Fundaci\u00f3n Amigos Rene Bertolucci agradeci\u00f3 el acompa\u00f1amiento de los gobiernos provincial y municipal. \u201cEste encuentro no ser\u00e1 igual que siempre, nos faltar\u00e1 la gu\u00eda generosa y exigente de Fabriciano, el gran art\u00edfice de todo lo que vivimos encuentro tras encuentro\u201d, expres\u00f3 y se\u00f1al\u00f3 que el lema representa el anhelo y prop\u00f3sito de dejar huellas que trascienden al tiempo y las personas, difundiendo la riqueza de la regi\u00f3n.<\/p>\n<p>\u201cNo hay ausencia si mantenemos vivos los sue\u00f1os de los que partieron, para Fabri este encuentro fue uno de sus grandes sue\u00f1os y ahora tambi\u00e9n es parte de su legado, los felicitamos por seguir trabajando juntos para hacer de arte un bien de todos\u201d, cerr\u00f3 el presidente de la Fundaci\u00f3n Urunday Jos\u00e9 Eidman.[\/vc_column_text][vc_empty_space][vc_column_text]Fuente:\u00a0 <a href=\"https:\/\/comunicacion.chaco.gov.ar\/noticia\/68747\/se-presento-el-8-encuentro-de-escultores-de-el-impenetrable-bajo-el-lema-eternidad\" target=\"_blank\" rel=\"noopener\">https:\/\/comunicacion.chaco.gov.ar\/noticia\/68747\/se-presento-el-8-encuentro-de-escultores-de-el-impenetrable-bajo-el-lema-eternidad<\/a>[\/vc_column_text][vc_empty_space][\/vc_column][\/vc_row]\n","protected":false},"excerpt":{"rendered":"<p>El encuentro, que se desarrollar\u00e1 del 26 al 31 de julio en la Plaza de la Juventud de Castelli, congregar\u00e1 a 10 escultores internacionales. Habr\u00e1 actividades art\u00edsticas y culturales, ferias gastron\u00f3micas y artesanales.<\/p>\n","protected":false},"author":3,"featured_media":9512,"comment_status":"closed","ping_status":"closed","sticky":false,"template":"","format":"standard","meta":{"footnotes":""},"categories":[6],"tags":[],"class_list":["post-9511","post","type-post","status-publish","format-standard","has-post-thumbnail","hentry","category-novedades"],"_links":{"self":[{"href":"https:\/\/www.bienaldelchaco.org\/2024\/wp-json\/wp\/v2\/posts\/9511","targetHints":{"allow":["GET"]}}],"collection":[{"href":"https:\/\/www.bienaldelchaco.org\/2024\/wp-json\/wp\/v2\/posts"}],"about":[{"href":"https:\/\/www.bienaldelchaco.org\/2024\/wp-json\/wp\/v2\/types\/post"}],"author":[{"embeddable":true,"href":"https:\/\/www.bienaldelchaco.org\/2024\/wp-json\/wp\/v2\/users\/3"}],"replies":[{"embeddable":true,"href":"https:\/\/www.bienaldelchaco.org\/2024\/wp-json\/wp\/v2\/comments?post=9511"}],"version-history":[{"count":2,"href":"https:\/\/www.bienaldelchaco.org\/2024\/wp-json\/wp\/v2\/posts\/9511\/revisions"}],"predecessor-version":[{"id":9514,"href":"https:\/\/www.bienaldelchaco.org\/2024\/wp-json\/wp\/v2\/posts\/9511\/revisions\/9514"}],"wp:featuredmedia":[{"embeddable":true,"href":"https:\/\/www.bienaldelchaco.org\/2024\/wp-json\/wp\/v2\/media\/9512"}],"wp:attachment":[{"href":"https:\/\/www.bienaldelchaco.org\/2024\/wp-json\/wp\/v2\/media?parent=9511"}],"wp:term":[{"taxonomy":"category","embeddable":true,"href":"https:\/\/www.bienaldelchaco.org\/2024\/wp-json\/wp\/v2\/categories?post=9511"},{"taxonomy":"post_tag","embeddable":true,"href":"https:\/\/www.bienaldelchaco.org\/2024\/wp-json\/wp\/v2\/tags?post=9511"}],"curies":[{"name":"wp","href":"https:\/\/api.w.org\/{rel}","templated":true}]}}