{"id":9557,"date":"2022-06-15T12:37:39","date_gmt":"2022-06-15T15:37:39","guid":{"rendered":"https:\/\/www.bienaldelchaco.org\/2024\/?p=9557"},"modified":"2022-06-15T12:41:34","modified_gmt":"2022-06-15T15:41:34","slug":"fuerte-impulso-de-capitanich-para-que-se-declare-a-resistencia-como-patrimonio-cultural-de-la-humanidad","status":"publish","type":"post","link":"https:\/\/www.bienaldelchaco.org\/2024\/fuerte-impulso-de-capitanich-para-que-se-declare-a-resistencia-como-patrimonio-cultural-de-la-humanidad\/","title":{"rendered":"Fuerte impulso de Capitanich para que se declare a Resistencia como Patrimonio Cultural de la Humanidad"},"content":{"rendered":"<p class=\"td-post-sub-title\">El primer mandatario chaque\u00f1o se reuni\u00f3 con Cafiero y representantes de la Unesco para trabajar en el proyecto y destac\u00f3 la importancia de la Bienal de las esculturas. Adem\u00e1s, se reuni\u00f3 con el ministro Wado de Pedro, con quien abord\u00f3 la agenda de inversiones para la regi\u00f3n de los Bajos Submeridionales, m\u00e1s obras viales y portuarias. Junto a Gustavo B\u00e9liz, avanz\u00f3 en detalles para la implementaci\u00f3n del Eco Token.<\/p>\n<div class=\"td-module-meta-info\"><\/div>\n<p><!--more-->[vc_row css_animation=&#8221;&#8221; row_type=&#8221;row&#8221; use_row_as_full_screen_section=&#8221;no&#8221; type=&#8221;full_width&#8221; angled_section=&#8221;no&#8221; text_align=&#8221;left&#8221; background_image_as_pattern=&#8221;without_pattern&#8221;][vc_column][vc_column_text]El gobernador Jorge Capitanich viaj\u00f3 este martes a Buenos Aires donde mantuvo reuniones con funcionarios nacionales para avanzar en el proyecto que declare a la ciudad de Resistencia como Patrimonio Cultural de la Humanidad por el valor identitario de sus esculturas. Por este tema se reuni\u00f3 con el canciller Santiago Cafiero y con el director de Estudios e Investigaci\u00f3n de la Unesco, Rodrigo G\u00f3mez Tortosa.<\/p>\n<p>\u201cEstamos cumpliendo todos los requisitos que tenemos que presentar antes del 30 de junio. La Bienal de las esculturas, que ser\u00e1 entre el 16 y el 23 de junio de este a\u00f1o, efectivamente le dar\u00e1 un fuerte impulso a partir de la validaci\u00f3n de los distintos actores que participan\u201d, indic\u00f3 el gobernador.<\/p>\n<p>Tambi\u00e9n se reuni\u00f3 el ministro del Interior, Eduardo \u201cWado\u201d de Pedro, con qui\u00e9n repas\u00f3 la agenda de inversiones para la regi\u00f3n de los Bajos Submeridionales. As\u00ed detall\u00f3 que, \u201ccon el Fondo Fiduciario de Infraestructura Regional se ejecutan importantes obras como la repavimentaci\u00f3n de la ruta N\u00b06 -desde Villa Berthet a San Bernardo-; las obras complementarias para la puesta en funcionamiento del Puerto Las Palmas; las obras de acceso, dep\u00f3sitos fiscales, sistemas de electrificaci\u00f3n, entre otras acciones que se llevan a cabo en el Puerto de Barranqueras; y el acceso a Chorotis y a Venado Grande\u201d.<\/p>\n<p>&nbsp;<\/p>\n<p><strong>Ajustan detalles para implementar el Eco Token<\/strong><\/p>\n<p>El gobernador se reuni\u00f3 adem\u00e1s con el secretario de Asuntos Estrat\u00e9gicos de la Presidencia de la Naci\u00f3n, Gustavo B\u00e9liz, junto al presidente del Banco Central de la Rep\u00fablica Argentina, Miguel Pesce y el presidente del Banco Naci\u00f3n, Eduardo Hecker. Durante el encuentro, definieron detalles para la implementaci\u00f3n del primer Eco Token del pa\u00eds.<\/p>\n<p>\u201cEl Impenetrable chaque\u00f1o es una reserva estrat\u00e9gica de biodiversidad en el planeta de m\u00e1s de 37.000 kil\u00f3metros cuadrados. Pretendemos que, a trav\u00e9s de este instrumento, tengamos los recursos para que la gente que vive all\u00ed viva mejor: viviendas, salud, educaci\u00f3n, rutas, y una compensaci\u00f3n por la protecci\u00f3n del bosque. Es un c\u00edrculo virtuoso que combina finanzas sostenibles, protecci\u00f3n del ambiente, equidad social y transforma la regi\u00f3n\u201d, destac\u00f3 Capitanich.<\/p>\n<p>La iniciativa propone una herramienta financiera mediante una forma innovadora y transparente de invertir y ahorrar mientras se promueve la protecci\u00f3n del ambiente y el desarrollo integral y sostenible. La provincia del Chaco lidera el desarrollo de esta herramienta de la econom\u00eda digital, que generar\u00e1 recursos para compensar el aporte que el ecosistema chaque\u00f1o ofrece al mundo.<\/p>\n<p>Adem\u00e1s estuvieron presentes la secretaria de Cambio Clim\u00e1tico, Desarrollo Sostenible e Innovaci\u00f3n, Cecilia Nicolini, y el subsecretario de Conocimiento para el Desarrollo, Rodrigo Rodr\u00edguez Tornquist.[\/vc_column_text][vc_empty_space][vc_gallery interval=&#8221;3&#8243; images=&#8221;9558,9559,9560&#8243; img_size=&#8221;full&#8221; onclick=&#8221;&#8221;][vc_empty_space][vc_column_text]Fuente:\u00a0 <a href=\"https:\/\/www.chacodiapordia.com\/2022\/06\/14\/fuerte-impulso-de-capitanich-para-que-se-declare-a-resistencia-como-patrimonio-cultural-de-la-humanidad\/\" target=\"_blank\" rel=\"noopener\">https:\/\/www.chacodiapordia.com\/2022\/06\/14\/fuerte-impulso-de-capitanich-para-que-se-declare-a-resistencia-como-patrimonio-cultural-de-la-humanidad\/<\/a><\/p>\n<p><a href=\"https:\/\/chacoenlineainforma.com\/ciudad-de-las-esculturas-capitanich-impulsa-la-declaracion-de-resistencia-como-patrimonio-cultural-de-la-humanidad\/\" target=\"_blank\" rel=\"noopener\">https:\/\/chacoenlineainforma.com\/ciudad-de-las-esculturas-capitanich-impulsa-la-declaracion-de-resistencia-como-patrimonio-cultural-de-la-humanidad\/<\/a>[\/vc_column_text][vc_empty_space][\/vc_column][\/vc_row]\n","protected":false},"excerpt":{"rendered":"<p>El primer mandatario chaque\u00f1o se reuni\u00f3 con Cafiero y representantes de la Unesco para trabajar en el proyecto y destac\u00f3 la importancia de la Bienal de las esculturas. Adem\u00e1s, se reuni\u00f3 con el ministro Wado de Pedro, con quien abord\u00f3 la agenda de inversiones para&#8230;<\/p>\n","protected":false},"author":3,"featured_media":9560,"comment_status":"closed","ping_status":"closed","sticky":false,"template":"","format":"standard","meta":{"footnotes":""},"categories":[6],"tags":[],"class_list":["post-9557","post","type-post","status-publish","format-standard","has-post-thumbnail","hentry","category-novedades"],"_links":{"self":[{"href":"https:\/\/www.bienaldelchaco.org\/2024\/wp-json\/wp\/v2\/posts\/9557","targetHints":{"allow":["GET"]}}],"collection":[{"href":"https:\/\/www.bienaldelchaco.org\/2024\/wp-json\/wp\/v2\/posts"}],"about":[{"href":"https:\/\/www.bienaldelchaco.org\/2024\/wp-json\/wp\/v2\/types\/post"}],"author":[{"embeddable":true,"href":"https:\/\/www.bienaldelchaco.org\/2024\/wp-json\/wp\/v2\/users\/3"}],"replies":[{"embeddable":true,"href":"https:\/\/www.bienaldelchaco.org\/2024\/wp-json\/wp\/v2\/comments?post=9557"}],"version-history":[{"count":4,"href":"https:\/\/www.bienaldelchaco.org\/2024\/wp-json\/wp\/v2\/posts\/9557\/revisions"}],"predecessor-version":[{"id":9564,"href":"https:\/\/www.bienaldelchaco.org\/2024\/wp-json\/wp\/v2\/posts\/9557\/revisions\/9564"}],"wp:featuredmedia":[{"embeddable":true,"href":"https:\/\/www.bienaldelchaco.org\/2024\/wp-json\/wp\/v2\/media\/9560"}],"wp:attachment":[{"href":"https:\/\/www.bienaldelchaco.org\/2024\/wp-json\/wp\/v2\/media?parent=9557"}],"wp:term":[{"taxonomy":"category","embeddable":true,"href":"https:\/\/www.bienaldelchaco.org\/2024\/wp-json\/wp\/v2\/categories?post=9557"},{"taxonomy":"post_tag","embeddable":true,"href":"https:\/\/www.bienaldelchaco.org\/2024\/wp-json\/wp\/v2\/tags?post=9557"}],"curies":[{"name":"wp","href":"https:\/\/api.w.org\/{rel}","templated":true}]}}