{"id":9783,"date":"2022-07-04T12:05:22","date_gmt":"2022-07-04T15:05:22","guid":{"rendered":"https:\/\/www.bienaldelchaco.org\/2024\/?p=9783"},"modified":"2022-07-04T12:05:22","modified_gmt":"2022-07-04T15:05:22","slug":"honrar-el-legado-de-fabriciano-gomez","status":"publish","type":"post","link":"https:\/\/www.bienaldelchaco.org\/2024\/honrar-el-legado-de-fabriciano-gomez\/","title":{"rendered":"Honrar el legado de Fabriciano G\u00f3mez"},"content":{"rendered":"<p>&#8220;El Legado&#8221;, ese es el lema de la convocatoria a los artistas que ser\u00e1n parte de la Bienal de las Esculturas que rinde homenaje a Fabriciano G\u00f3mez, fallecido el a\u00f1o pasado, quien fue el fundador del evento que comenz\u00f3 como un encuentro de artistas entusiastas y con el paso de los a\u00f1os se convirti\u00f3 en marca registrada de Chaco y la regi\u00f3n.<\/p>\n<div class=\"td-module-meta-info\"><\/div>\n<p><!--more-->[vc_row css_animation=&#8221;&#8221; row_type=&#8221;row&#8221; use_row_as_full_screen_section=&#8221;no&#8221; type=&#8221;full_width&#8221; angled_section=&#8221;no&#8221; text_align=&#8221;left&#8221; background_image_as_pattern=&#8221;without_pattern&#8221;][vc_column][vc_column_text]En la bienal de este a\u00f1o participar\u00e1n diez escultores que representar\u00e1n a Albania, Alemania, Argentina, M\u00e9xico, Corea del Sur, Eslovenia, Georgia, Rumania, Turqu\u00eda y Ucrania. Los artistas trabajar\u00e1n con m\u00e1rmol travertino como material principal a cielo abierto y en p\u00fablico, esculpiendo piezas que tienen por destino las veredas de Resistencia.<\/p>\n<p>Otro de los atractivos del evento ser\u00e1 la octava edici\u00f3n del Premio Desaf\u00edo &#8220;Hierros L\u00edder&#8221;, un concurso destinado a estudiantes de artes de universidades e institutos p\u00fablicos o privados de todo el pa\u00eds. La inscripci\u00f3n es totalmente gratuita y se realiz\u00f3 hasta el 30 de mayo a trav\u00e9s de la web oficial de la Bienal (www.bienaldelchaco.org).<\/p>\n<p>Adem\u00e1s, como novedad para este a\u00f1o, se desarrollar\u00e1 el primer Congreso Internacional de Derecho del Arte, una actividad in\u00e9dita en el pa\u00eds promovido por el Poder Legislativo de Chaco y organizado en colaboraci\u00f3n por las Facultades de Derecho de la UNNE y la Universidad Nacional de Rosario.<\/p>\n<p>Otras actividades que se realizar\u00e1n durante el encuentro ser\u00e1n el Congreso Internacional de Artes, un seminario de Arte, Derecho, Patrimonio y Urbanismo, un festival Filarm\u00f3nico Juvenil, distintos cursos, talleres y conferencias magistrales acad\u00e9micas, el desarrollo de las Artes Esc\u00e9nicas, presentaciones de la Orquesta Sinf\u00f3nica local, el Coro Polif\u00f3nico, el Ballet Contempor\u00e1neo, obras de teatro y circo, paseo de artesanos y expositores de la gastronom\u00eda chaque\u00f1a.[\/vc_column_text][vc_empty_space][vc_column_text]Fuente:\u00a0 <a href=\"https:\/\/www.diarioepoca.com\/1253475-honrar-el-legado-de-fabriciano-gomez\" target=\"_blank\" rel=\"noopener\">https:\/\/www.diarioepoca.com\/1253475-honrar-el-legado-de-fabriciano-gomez<\/a>[\/vc_column_text][vc_empty_space][\/vc_column][\/vc_row]\n","protected":false},"excerpt":{"rendered":"<p>&#8220;El Legado&#8221;, ese es el lema de la convocatoria a los artistas que ser\u00e1n parte de la Bienal de las Esculturas que rinde homenaje a Fabriciano G\u00f3mez, fallecido el a\u00f1o pasado, quien fue el fundador del evento que comenz\u00f3 como un encuentro de artistas entusiastas&#8230;<\/p>\n","protected":false},"author":3,"featured_media":9784,"comment_status":"closed","ping_status":"closed","sticky":false,"template":"","format":"standard","meta":{"footnotes":""},"categories":[6],"tags":[],"class_list":["post-9783","post","type-post","status-publish","format-standard","has-post-thumbnail","hentry","category-novedades"],"_links":{"self":[{"href":"https:\/\/www.bienaldelchaco.org\/2024\/wp-json\/wp\/v2\/posts\/9783","targetHints":{"allow":["GET"]}}],"collection":[{"href":"https:\/\/www.bienaldelchaco.org\/2024\/wp-json\/wp\/v2\/posts"}],"about":[{"href":"https:\/\/www.bienaldelchaco.org\/2024\/wp-json\/wp\/v2\/types\/post"}],"author":[{"embeddable":true,"href":"https:\/\/www.bienaldelchaco.org\/2024\/wp-json\/wp\/v2\/users\/3"}],"replies":[{"embeddable":true,"href":"https:\/\/www.bienaldelchaco.org\/2024\/wp-json\/wp\/v2\/comments?post=9783"}],"version-history":[{"count":1,"href":"https:\/\/www.bienaldelchaco.org\/2024\/wp-json\/wp\/v2\/posts\/9783\/revisions"}],"predecessor-version":[{"id":9785,"href":"https:\/\/www.bienaldelchaco.org\/2024\/wp-json\/wp\/v2\/posts\/9783\/revisions\/9785"}],"wp:featuredmedia":[{"embeddable":true,"href":"https:\/\/www.bienaldelchaco.org\/2024\/wp-json\/wp\/v2\/media\/9784"}],"wp:attachment":[{"href":"https:\/\/www.bienaldelchaco.org\/2024\/wp-json\/wp\/v2\/media?parent=9783"}],"wp:term":[{"taxonomy":"category","embeddable":true,"href":"https:\/\/www.bienaldelchaco.org\/2024\/wp-json\/wp\/v2\/categories?post=9783"},{"taxonomy":"post_tag","embeddable":true,"href":"https:\/\/www.bienaldelchaco.org\/2024\/wp-json\/wp\/v2\/tags?post=9783"}],"curies":[{"name":"wp","href":"https:\/\/api.w.org\/{rel}","templated":true}]}}