{"id":9846,"date":"2022-07-11T09:34:50","date_gmt":"2022-07-11T12:34:50","guid":{"rendered":"https:\/\/www.bienaldelchaco.org\/2024\/?p=9846"},"modified":"2022-07-11T09:38:17","modified_gmt":"2022-07-11T12:38:17","slug":"bienal-sostenible-mediran-el-impacto-ambiental-del-evento-para-mitigar-sus-efectos","status":"publish","type":"post","link":"https:\/\/www.bienaldelchaco.org\/2024\/bienal-sostenible-mediran-el-impacto-ambiental-del-evento-para-mitigar-sus-efectos\/","title":{"rendered":"Bienal Sostenible | Medir\u00e1n el Impacto Ambiental del evento para mitigar sus efectos"},"content":{"rendered":"<div>\n<p class=\"noticia__contenido\">El Ministerio de Ambiente y Desarrollo Territorial Sostenible, la Fundaci\u00f3n Urunday, Chaco Bureau y la Facultad de Artes, Dise\u00f1o y Ciencias de la Cultura (FADYCC) de la Unne trabajan para medir la huella de carbono generada por el mega evento cultural y se comprometieron a reducir el impacto ambiental y generar acciones de mitigaci\u00f3n de los efectos generados por el encuentro.<\/p>\n<\/div>\n<p><!--more-->[vc_row css_animation=&#8221;&#8221; row_type=&#8221;row&#8221; use_row_as_full_screen_section=&#8221;no&#8221; type=&#8221;full_width&#8221; angled_section=&#8221;no&#8221; text_align=&#8221;left&#8221; background_image_as_pattern=&#8221;without_pattern&#8221;][vc_column][vc_column_text]A d\u00edas de la edici\u00f3n 2022 de la Bienal de las Esculturas, el Gobierno provincial a trav\u00e9s del Ministerio de Ambiente y Desarrollo Territorial Sostenible y la organizaci\u00f3n a cargo de Fundaci\u00f3n Urunday, Chaco Bureau y la FADYCC, se comprometieron a luchar contra el calentamiento global y apostar al cuidado del ambiente reduciendo, midiendo y mitigando los efectos de las emisiones de di\u00f3xido de carbono (CO2) generadas por las actividades relacionadas al evento.<\/p>\n<p>\u201cAdem\u00e1s de emocionarnos por lo que implica esta incre\u00edble Bienal que va a suceder, hemos acordado un trabajo conjunto con la organizaci\u00f3n para poder hacer por primera vez en el Chaco medici\u00f3n de huellas de carbono en un evento de estas caracter\u00edsticas; un evento internacional\u201d, explic\u00f3 al respecto la ministra de Ambiente y Desarrollo Territorial Sostenible, Marta Soneira.<\/p>\n<p>El evento cultural, se planific\u00f3 y desarroll\u00f3 siguiendo los principios del desarrollo sostenible: minimizando los impactos negativos, reduciendo al m\u00e1ximo su huella ecol\u00f3gica y aprovechando las oportunidades del entorno local en el que se realiza.<\/p>\n<p>As\u00ed, el compromiso asumido desde el Gobierno y la organizaci\u00f3n es disminuir la huella de carbono generada por la Bienal a trav\u00e9s de sistemas de iluminaci\u00f3n LED; utilizaci\u00f3n de electrodom\u00e9sticos, aparatos electr\u00f3nicos y equipos de sonido con menor consumo y grupos electr\u00f3genos eficientes; adem\u00e1s de la reducci\u00f3n en la generaci\u00f3n de residuos y torres de energ\u00eda solar para la carga de celulares y el calentamiento de agua que estar\u00e1n instaladas en el stand del Ministerio de Ambiente.<\/p>\n<p>Adem\u00e1s, la empresa Aero Sustentable ser\u00e1 la encargada de realizar la medici\u00f3n de la huella de carbono generada por el evento, calculando las emisiones de CO2 liberadas a la atm\u00f3sfera relacionadas al transporte de los participantes y el consumo de energ\u00eda. Con esta informaci\u00f3n ser\u00e1 posible mitigar el impacto ambiental a trav\u00e9s de la plantaci\u00f3n de \u00e1rboles de especies nativas, contribuyendo a la lucha contra el calentamiento global.<\/p>\n<p>\u201cEsto implica para nosotros, adem\u00e1s del monitoreo, generar procesos de cuidado del ambiente; planteamos que en la Bienal se pueda empezar a medir la huella de carbono y realizar la mitigaci\u00f3n sobre los efectos generados por estos eventos\u201d, ampli\u00f3 Soneira y concluy\u00f3: \u201cPor primera vez en un evento del Norte Grande se van a medir huellas de carbono; en un evento internacional, con las caracter\u00edsticas que tiene la bienal, que combina e integra el arte, la cultura y el ambiente\u201d.<\/p>\n<p>&nbsp;<\/p>\n<p>\u00bfC\u00f3mo reducir el impacto ambiental en mega eventos?<\/p>\n<p>Desde el Ministerio de Ambiente y Desarrollo Territorial Sostenible informan a la comunidad las acciones que se pueden implementar para contribuir a la reducci\u00f3n de la huella de carbono del evento y los efectos nocivos del CO2 sobre el ambiente:<\/p>\n<p>\u2022 Compartamos el auto para ir a la Bienal o movernos a mismos destinos<\/p>\n<p>\u2022 Siempre con tu botella de agua.<\/p>\n<p>\u2022 En el stand del Ministerio habr\u00e1 torres solares para la recarga de celulares y calentamiento de agua.<\/p>\n<p>\u2022 No aceptemos ni ingresemos bolsas de pl\u00e1stico. Podr\u00e1s retirar tu eco-bolsa en el stand del Ministerio el d\u00eda lunes y reutilizarla toda la semana.<\/p>\n<p>\u2022 La basura va en los tachos.<\/p>\n<p>\u2022 El s\u00e1bado te podr\u00e1s llevar tu plant\u00edn de especie nativa, con el fin de reforestar y mitigar los efectos del CO2 generado durante el evento.[\/vc_column_text][vc_empty_space][vc_column_text]Fuente:\u00a0 <a href=\"https:\/\/www.diario22.ar\/notix2\/movil2\/?seccion=desarrollo_nota&amp;id_nota=177455\" target=\"_blank\" rel=\"noopener\">https:\/\/www.diario22.ar\/notix2\/movil2\/?seccion=desarrollo_nota&amp;id_nota=177455<\/a>[\/vc_column_text][vc_empty_space][\/vc_column][\/vc_row]\n","protected":false},"excerpt":{"rendered":"<p>El Ministerio de Ambiente y Desarrollo Territorial Sostenible, la Fundaci\u00f3n Urunday, Chaco Bureau y la Facultad de Artes, Dise\u00f1o y Ciencias de la Cultura (FADYCC) de la Unne trabajan para medir la huella de carbono generada por el mega evento cultural y se comprometieron a&#8230;<\/p>\n","protected":false},"author":3,"featured_media":9847,"comment_status":"closed","ping_status":"closed","sticky":false,"template":"","format":"standard","meta":{"footnotes":""},"categories":[6],"tags":[],"class_list":["post-9846","post","type-post","status-publish","format-standard","has-post-thumbnail","hentry","category-novedades"],"_links":{"self":[{"href":"https:\/\/www.bienaldelchaco.org\/2024\/wp-json\/wp\/v2\/posts\/9846","targetHints":{"allow":["GET"]}}],"collection":[{"href":"https:\/\/www.bienaldelchaco.org\/2024\/wp-json\/wp\/v2\/posts"}],"about":[{"href":"https:\/\/www.bienaldelchaco.org\/2024\/wp-json\/wp\/v2\/types\/post"}],"author":[{"embeddable":true,"href":"https:\/\/www.bienaldelchaco.org\/2024\/wp-json\/wp\/v2\/users\/3"}],"replies":[{"embeddable":true,"href":"https:\/\/www.bienaldelchaco.org\/2024\/wp-json\/wp\/v2\/comments?post=9846"}],"version-history":[{"count":2,"href":"https:\/\/www.bienaldelchaco.org\/2024\/wp-json\/wp\/v2\/posts\/9846\/revisions"}],"predecessor-version":[{"id":9849,"href":"https:\/\/www.bienaldelchaco.org\/2024\/wp-json\/wp\/v2\/posts\/9846\/revisions\/9849"}],"wp:featuredmedia":[{"embeddable":true,"href":"https:\/\/www.bienaldelchaco.org\/2024\/wp-json\/wp\/v2\/media\/9847"}],"wp:attachment":[{"href":"https:\/\/www.bienaldelchaco.org\/2024\/wp-json\/wp\/v2\/media?parent=9846"}],"wp:term":[{"taxonomy":"category","embeddable":true,"href":"https:\/\/www.bienaldelchaco.org\/2024\/wp-json\/wp\/v2\/categories?post=9846"},{"taxonomy":"post_tag","embeddable":true,"href":"https:\/\/www.bienaldelchaco.org\/2024\/wp-json\/wp\/v2\/tags?post=9846"}],"curies":[{"name":"wp","href":"https:\/\/api.w.org\/{rel}","templated":true}]}}